{"id":111,"date":"2012-04-09T15:55:04","date_gmt":"2012-04-09T15:55:04","guid":{"rendered":"http:\/\/lopescancado.adv.br\/blogger\/?p=111"},"modified":"2012-04-09T15:55:04","modified_gmt":"2012-04-09T15:55:04","slug":"justica-manda-prefeito-retirar-propaganda-do-facebook","status":"publish","type":"post","link":"https:\/\/lopescancado.adv.br\/?p=111","title":{"rendered":"Justi\u00e7a manda prefeito retirar &#8220;propaganda&#8221; do Facebook"},"content":{"rendered":"<p><a href=\"http:\/\/lopescancado.adv.br\/blogger\/wp-content\/uploads\/2012\/04\/check-facebook-privacy-level-profile11.jpg\"><img loading=\"lazy\" decoding=\"async\" class=\"aligncenter size-full wp-image-112\" title=\"check-facebook-privacy-level-profile11\" src=\"http:\/\/lopescancado.adv.br\/blogger\/wp-content\/uploads\/2012\/04\/check-facebook-privacy-level-profile11.jpg\" alt=\"\" width=\"409\" height=\"273\" srcset=\"https:\/\/lopescancado.adv.br\/wp-content\/uploads\/2012\/04\/check-facebook-privacy-level-profile11.jpg 409w, https:\/\/lopescancado.adv.br\/wp-content\/uploads\/2012\/04\/check-facebook-privacy-level-profile11-300x200.jpg 300w\" sizes=\"auto, (max-width: 409px) 100vw, 409px\" \/><\/a><\/p>\n<p><strong>Rio<\/strong>\u00a0&#8211; Intimado pela Justi\u00e7a Eleitoral a retirar de seu perfil no Facebook informa\u00e7\u00f5es sobre sua atua\u00e7\u00e3o \u00e0 frente da prefeitura de Queimados, na Baixada Fluminense, o prefeito Max Lemos (PMDB) anunciou por meio de assessores que cumprir\u00e1 a decis\u00e3o, mas manteve conte\u00fado semelhante no site do munic\u00edpio. Pr\u00e9-candidato \u00e0 reelei\u00e7\u00e3o, o peemedebista se reuniria nesta ter\u00e7a com advogados para decidir se recorreria ou n\u00e3o da decis\u00e3o do juiz Jansen Amadeu do Carmo Madeira que atingiu sua p\u00e1gina na rede social. Inicialmente, Lemos pediu mais prazo, al\u00e9m das 48 horas determinadas pelo magistrado, para tirar do ar o material vetado pela decis\u00e3o. A promotoria M\u00e1rcia Ara\u00fajo Pinto, autora do pedido acolhido pelo Judici\u00e1rio, afirmou que vai checar a home page da prefeitura, para verificar se tamb\u00e9m ali h\u00e1 propaganda eleitoral antecipada na internet.<\/p>\n<p>A decis\u00e3o foi a primeira posterior \u00e0 determina\u00e7\u00e3o do Tribunal Superior Eleitoral (TSE) que restringiu o uso do Twitter por pr\u00e9-candidatos antes de 5 de julho. O juiz Carmo Madeira atendeu a pedido da promotora, da 138\u00aa Promotoria de Justi\u00e7a Eleitoral. Ela considerou que o conte\u00fado do perfil do prefeito no Facebook constitu\u00eda propaganda eleitoral antecipada. O magistrado determinou que Lemos retire do seu perfil na rede social coment\u00e1rios e not\u00edcias sobre sua administra\u00e7\u00e3o e proibiu que volte a veicul\u00e1-los. A subsecret\u00e1ria de Comunica\u00e7\u00e3o de Queimados, Audrey Andrade, ressaltou que as postagens do prefeito na rede social &#8220;n\u00e3o s\u00e3o de hoje&#8221; e ocorrem &#8220;ao longo do ano&#8221;. N\u00e3o teriam, portanto, segundo ela, car\u00e1ter eleitoral.<\/p>\n<p>Fonte:\u00a0<a href=\"http:\/\/www.folhavitoria.com.br\/politica\/noticia\/2012\/04\/justica-manda-prefeito-retirar-039propaganda039-do-facebook.html?utm_source=twitterfeed&amp;utm_medium=twitter\" target=\"_blank\" rel=\"noopener\">http:\/\/www.folhavitoria.com.br<\/a><\/p>\n","protected":false},"excerpt":{"rendered":"<p>Rio\u00a0&#8211; Intimado pela Justi\u00e7a Eleitoral a retirar de seu perfil no Facebook informa\u00e7\u00f5es sobre sua atua\u00e7\u00e3o \u00e0 frente da prefeitura de Queimados, na Baixada Fluminense, o prefeito Max Lemos (PMDB) anunciou por meio de assessores que cumprir\u00e1 a decis\u00e3o, mas manteve conte\u00fado semelhante no site do munic\u00edpio. Pr\u00e9-candidato \u00e0 reelei\u00e7\u00e3o, o peemedebista se reuniria nesta [&hellip;]<\/p>\n","protected":false},"author":1,"featured_media":0,"comment_status":"open","ping_status":"open","sticky":false,"template":"","format":"standard","meta":{"footnotes":""},"categories":[4],"tags":[],"class_list":["post-111","post","type-post","status-publish","format-standard","hentry","category-noticias"],"acf":[],"_links":{"self":[{"href":"https:\/\/lopescancado.adv.br\/index.php?rest_route=\/wp\/v2\/posts\/111","targetHints":{"allow":["GET"]}}],"collection":[{"href":"https:\/\/lopescancado.adv.br\/index.php?rest_route=\/wp\/v2\/posts"}],"about":[{"href":"https:\/\/lopescancado.adv.br\/index.php?rest_route=\/wp\/v2\/types\/post"}],"author":[{"embeddable":true,"href":"https:\/\/lopescancado.adv.br\/index.php?rest_route=\/wp\/v2\/users\/1"}],"replies":[{"embeddable":true,"href":"https:\/\/lopescancado.adv.br\/index.php?rest_route=%2Fwp%2Fv2%2Fcomments&post=111"}],"version-history":[{"count":0,"href":"https:\/\/lopescancado.adv.br\/index.php?rest_route=\/wp\/v2\/posts\/111\/revisions"}],"wp:attachment":[{"href":"https:\/\/lopescancado.adv.br\/index.php?rest_route=%2Fwp%2Fv2%2Fmedia&parent=111"}],"wp:term":[{"taxonomy":"category","embeddable":true,"href":"https:\/\/lopescancado.adv.br\/index.php?rest_route=%2Fwp%2Fv2%2Fcategories&post=111"},{"taxonomy":"post_tag","embeddable":true,"href":"https:\/\/lopescancado.adv.br\/index.php?rest_route=%2Fwp%2Fv2%2Ftags&post=111"}],"curies":[{"name":"wp","href":"https:\/\/api.w.org\/{rel}","templated":true}]}}