{"id":118,"date":"2012-04-10T18:28:44","date_gmt":"2012-04-10T18:28:44","guid":{"rendered":"http:\/\/lopescancado.adv.br\/blogger\/?p=118"},"modified":"2012-04-10T18:28:44","modified_gmt":"2012-04-10T18:28:44","slug":"prazo-para-eleitor-transferir-titulo-termina-em-um-mes","status":"publish","type":"post","link":"https:\/\/lopescancado.adv.br\/?p=118","title":{"rendered":"Prazo para eleitor transferir t\u00edtulo termina em um m\u00eas"},"content":{"rendered":"<p><a href=\"http:\/\/lopescancado.adv.br\/blogger\/wp-content\/uploads\/2012\/04\/foto.jpg\"><img loading=\"lazy\" decoding=\"async\" class=\"aligncenter size-full wp-image-119\" title=\"foto\" src=\"http:\/\/lopescancado.adv.br\/blogger\/wp-content\/uploads\/2012\/04\/foto.jpg\" alt=\"\" width=\"320\" height=\"240\" srcset=\"https:\/\/lopescancado.adv.br\/wp-content\/uploads\/2012\/04\/foto.jpg 320w, https:\/\/lopescancado.adv.br\/wp-content\/uploads\/2012\/04\/foto-300x225.jpg 300w\" sizes=\"auto, (max-width: 320px) 100vw, 320px\" \/><\/a><\/p>\n<p>O eleitor tem at\u00e9 o dia 9 de maio para transferir o t\u00edtulo eleitoral de munic\u00edpio ou de zona eleitoral para votar nas elei\u00e7\u00f5es de 7 de outubro, de acordo com o TSE (Tribunal Superior Eleitoral).<\/p>\n<p>At\u00e9 a data tamb\u00e9m ser\u00e1 poss\u00edvel pedir o t\u00edtulo e revisar dados pessoais que constam na Justi\u00e7a Eleitoral. De acordo com o calend\u00e1rio do TSE, este tamb\u00e9m \u00e9 o prazo final para os portadores de necessidades especiais e idosos solicitarem transfer\u00eancia para uma se\u00e7\u00e3o de f\u00e1cil acesso.<\/p>\n<p>Os interessados em tirar o t\u00edtulo pela primeira vez devem procurar o cart\u00f3rio eleitoral respons\u00e1vel por sua regi\u00e3o, levando carteira de identidade, certificado de quita\u00e7\u00e3o com o servi\u00e7o militar (no caso de homem maior de 18 anos) e comprovante de resid\u00eancia. A carteira de habilita\u00e7\u00e3o e o passaporte n\u00e3o s\u00e3o aceitos para a identifica\u00e7\u00e3o, informa a Justi\u00e7a Eleitoral.<\/p>\n<p>O eleitor que estiver com o t\u00edtulo cancelado ou suspenso tamb\u00e9m deve regularizar sua situa\u00e7\u00e3o, caso contr\u00e1rio n\u00e3o poder\u00e1 votar, j\u00e1 que seu nome n\u00e3o ir\u00e1 constar da folha de vota\u00e7\u00e3o de sua se\u00e7\u00e3o eleitoral. J\u00e1 aqueles que desejam apenas requerer a segunda via do t\u00edtulo eleitoral, sem qualquer altera\u00e7\u00e3o dos dados no documento, o prazo vai at\u00e9 o dia 27 de setembro (10 dias antes do pleito).<\/p>\n<p>Nos casos de transfer\u00eancia, solicita\u00e7\u00e3o de se\u00e7\u00e3o eleitoral de f\u00e1cil acesso e revis\u00e3o de dados, basta levar o documento de identidade com foto e o comprovante do novo endere\u00e7o.<\/p>\n<p>Fonte: <em>Folha de S. Paulo<\/em><\/p>\n","protected":false},"excerpt":{"rendered":"<p>O eleitor tem at\u00e9 o dia 9 de maio para transferir o t\u00edtulo eleitoral de munic\u00edpio ou de zona eleitoral para votar nas elei\u00e7\u00f5es de 7 de outubro, de acordo com o TSE (Tribunal Superior Eleitoral). At\u00e9 a data tamb\u00e9m ser\u00e1 poss\u00edvel pedir o t\u00edtulo e revisar dados pessoais que constam na Justi\u00e7a Eleitoral. De [&hellip;]<\/p>\n","protected":false},"author":1,"featured_media":0,"comment_status":"open","ping_status":"open","sticky":false,"template":"","format":"standard","meta":{"footnotes":""},"categories":[4],"tags":[],"class_list":["post-118","post","type-post","status-publish","format-standard","hentry","category-noticias"],"acf":[],"_links":{"self":[{"href":"https:\/\/lopescancado.adv.br\/index.php?rest_route=\/wp\/v2\/posts\/118","targetHints":{"allow":["GET"]}}],"collection":[{"href":"https:\/\/lopescancado.adv.br\/index.php?rest_route=\/wp\/v2\/posts"}],"about":[{"href":"https:\/\/lopescancado.adv.br\/index.php?rest_route=\/wp\/v2\/types\/post"}],"author":[{"embeddable":true,"href":"https:\/\/lopescancado.adv.br\/index.php?rest_route=\/wp\/v2\/users\/1"}],"replies":[{"embeddable":true,"href":"https:\/\/lopescancado.adv.br\/index.php?rest_route=%2Fwp%2Fv2%2Fcomments&post=118"}],"version-history":[{"count":0,"href":"https:\/\/lopescancado.adv.br\/index.php?rest_route=\/wp\/v2\/posts\/118\/revisions"}],"wp:attachment":[{"href":"https:\/\/lopescancado.adv.br\/index.php?rest_route=%2Fwp%2Fv2%2Fmedia&parent=118"}],"wp:term":[{"taxonomy":"category","embeddable":true,"href":"https:\/\/lopescancado.adv.br\/index.php?rest_route=%2Fwp%2Fv2%2Fcategories&post=118"},{"taxonomy":"post_tag","embeddable":true,"href":"https:\/\/lopescancado.adv.br\/index.php?rest_route=%2Fwp%2Fv2%2Ftags&post=118"}],"curies":[{"name":"wp","href":"https:\/\/api.w.org\/{rel}","templated":true}]}}