{"id":152,"date":"2012-05-08T05:22:46","date_gmt":"2012-05-08T05:22:46","guid":{"rendered":"http:\/\/lopescancado.adv.br\/blogger\/?p=152"},"modified":"2012-05-08T05:22:46","modified_gmt":"2012-05-08T05:22:46","slug":"ultimos-dias-para-regularizacao-de-titulo-de-eleitor","status":"publish","type":"post","link":"https:\/\/lopescancado.adv.br\/?p=152","title":{"rendered":"\u00daltimos dias para regulariza\u00e7\u00e3o do T\u00edtulo de Eleitor"},"content":{"rendered":"<p><a href=\"http:\/\/lopescancado.adv.br\/blogger\/wp-content\/uploads\/2012\/05\/017.jpg\"><img loading=\"lazy\" decoding=\"async\" class=\"aligncenter size-full wp-image-153\" title=\"017\" src=\"http:\/\/lopescancado.adv.br\/blogger\/wp-content\/uploads\/2012\/05\/017.jpg\" alt=\"\" width=\"490\" height=\"300\" srcset=\"https:\/\/lopescancado.adv.br\/wp-content\/uploads\/2012\/05\/017.jpg 490w, https:\/\/lopescancado.adv.br\/wp-content\/uploads\/2012\/05\/017-300x184.jpg 300w\" sizes=\"auto, (max-width: 490px) 100vw, 490px\" \/><\/a><br \/>\nPara os eleitores que votar\u00e3o para prefeito e vereador nas Elei\u00e7\u00f5es deste ano, n\u00e3o perca o prazo at\u00e9 esta quarta-feira (09\/05). Esta ser\u00e1 o \u00faltimo dia para solicitar\u00e0 Justi\u00e7a Federal:<\/p>\n<p>1 &#8211; T\u00edtulo de Eleitor novo;<br \/>\n2 &#8211; Transfer\u00eancia ou retifica\u00e7\u00e3o do Domic\u00edlio;<br \/>\n3 &#8211; Altera\u00e7\u00e3o para votar em sala adaptada para deficientes.<\/p>\n<p><em>Equipe Lopes Can\u00e7ado<\/em><\/p>\n","protected":false},"excerpt":{"rendered":"<p>Para os eleitores que votar\u00e3o para prefeito e vereador nas Elei\u00e7\u00f5es deste ano, n\u00e3o perca o prazo at\u00e9 esta quarta-feira (09\/05). Esta ser\u00e1 o \u00faltimo dia para solicitar\u00e0 Justi\u00e7a Federal: 1 &#8211; T\u00edtulo de Eleitor novo; 2 &#8211; Transfer\u00eancia ou retifica\u00e7\u00e3o do Domic\u00edlio; 3 &#8211; Altera\u00e7\u00e3o para votar em sala adaptada para deficientes. Equipe Lopes [&hellip;]<\/p>\n","protected":false},"author":1,"featured_media":0,"comment_status":"open","ping_status":"open","sticky":false,"template":"","format":"standard","meta":{"footnotes":""},"categories":[4],"tags":[],"class_list":["post-152","post","type-post","status-publish","format-standard","hentry","category-noticias"],"acf":[],"_links":{"self":[{"href":"https:\/\/lopescancado.adv.br\/index.php?rest_route=\/wp\/v2\/posts\/152","targetHints":{"allow":["GET"]}}],"collection":[{"href":"https:\/\/lopescancado.adv.br\/index.php?rest_route=\/wp\/v2\/posts"}],"about":[{"href":"https:\/\/lopescancado.adv.br\/index.php?rest_route=\/wp\/v2\/types\/post"}],"author":[{"embeddable":true,"href":"https:\/\/lopescancado.adv.br\/index.php?rest_route=\/wp\/v2\/users\/1"}],"replies":[{"embeddable":true,"href":"https:\/\/lopescancado.adv.br\/index.php?rest_route=%2Fwp%2Fv2%2Fcomments&post=152"}],"version-history":[{"count":0,"href":"https:\/\/lopescancado.adv.br\/index.php?rest_route=\/wp\/v2\/posts\/152\/revisions"}],"wp:attachment":[{"href":"https:\/\/lopescancado.adv.br\/index.php?rest_route=%2Fwp%2Fv2%2Fmedia&parent=152"}],"wp:term":[{"taxonomy":"category","embeddable":true,"href":"https:\/\/lopescancado.adv.br\/index.php?rest_route=%2Fwp%2Fv2%2Fcategories&post=152"},{"taxonomy":"post_tag","embeddable":true,"href":"https:\/\/lopescancado.adv.br\/index.php?rest_route=%2Fwp%2Fv2%2Ftags&post=152"}],"curies":[{"name":"wp","href":"https:\/\/api.w.org\/{rel}","templated":true}]}}