{"id":189,"date":"2012-05-14T19:49:02","date_gmt":"2012-05-14T19:49:02","guid":{"rendered":"http:\/\/lopescancado.adv.br\/blogger\/?p=189"},"modified":"2012-05-14T19:49:02","modified_gmt":"2012-05-14T19:49:02","slug":"oab-pede-providencias-para-que-tres-tenham-formacao-plena","status":"publish","type":"post","link":"https:\/\/lopescancado.adv.br\/?p=189","title":{"rendered":"OAB pede provid\u00eancias para que TREs tenham forma\u00e7\u00e3o plena\u200f"},"content":{"rendered":"<p style=\"text-align: center;\"><a href=\"http:\/\/lopescancado.adv.br\/blogger\/wp-content\/uploads\/2012\/05\/Tse.jpg\"><img loading=\"lazy\" decoding=\"async\" class=\"aligncenter  wp-image-190\" title=\"Tse\" src=\"http:\/\/lopescancado.adv.br\/blogger\/wp-content\/uploads\/2012\/05\/Tse.jpg\" alt=\"\" width=\"484\" height=\"346\" srcset=\"https:\/\/lopescancado.adv.br\/wp-content\/uploads\/2012\/05\/Tse.jpg 673w, https:\/\/lopescancado.adv.br\/wp-content\/uploads\/2012\/05\/Tse-300x214.jpg 300w\" sizes=\"auto, (max-width: 484px) 100vw, 484px\" \/><\/a><\/p>\n<p>O presidente nacional da OAB (Ordem dos Advogados do Brasil), Ophir Cavalcante, enviou nesta segunda-feira (14\/5) of\u00edcio \u00e0 presidente do TSE (Tribunal Superior Eleitoral), ministra C\u00e1rmen L\u00facia Antunes Rocha, para manifestar a preocupa\u00e7\u00e3o da entidade quanto ao desfalque na composi\u00e7\u00e3o plena dos Tribunais Regionais Eleitorais, o que, na avalia\u00e7\u00e3o da entidade da advocacia, corrobora com a quebra da representatividade inerente \u00e0s Cortes Eleitorais.<\/p>\n<p>De acordo com o documento enviado hoje \u00e0 ministra C\u00e1rmen L\u00facia, a maioria dos TREs encontra-se no aguardo de nomea\u00e7\u00f5es, apesar de as listas tr\u00edplices j\u00e1 terem sido encaminhadas \u00e0 presidente da Rep\u00fablica, Dilma Rousseff.<\/p>\n<p>Ainda no of\u00edcio, o presidente do Conselho Federal da OAB solicita que sejam tomadas provid\u00eancias a fim proporcionar a necess\u00e1ria celeridade no preenchimento dos cargos, \u201cfazendo cessar a temer\u00e1ria situa\u00e7\u00e3o por que passa a Justi\u00e7a Eleitoral, mormente quando se avizinha um pleito municipal em todo o Pa\u00eds\u201d.<\/p>\n<p><em>Fonte: http:\/\/ultimainstancia.uol.com.br<\/em><\/p>\n","protected":false},"excerpt":{"rendered":"<p>O presidente nacional da OAB (Ordem dos Advogados do Brasil), Ophir Cavalcante, enviou nesta segunda-feira (14\/5) of\u00edcio \u00e0 presidente do TSE (Tribunal Superior Eleitoral), ministra C\u00e1rmen L\u00facia Antunes Rocha, para manifestar a preocupa\u00e7\u00e3o da entidade quanto ao desfalque na composi\u00e7\u00e3o plena dos Tribunais Regionais Eleitorais, o que, na avalia\u00e7\u00e3o da entidade da advocacia, corrobora com [&hellip;]<\/p>\n","protected":false},"author":1,"featured_media":0,"comment_status":"open","ping_status":"open","sticky":false,"template":"","format":"standard","meta":{"footnotes":""},"categories":[4],"tags":[],"class_list":["post-189","post","type-post","status-publish","format-standard","hentry","category-noticias"],"acf":[],"_links":{"self":[{"href":"https:\/\/lopescancado.adv.br\/index.php?rest_route=\/wp\/v2\/posts\/189","targetHints":{"allow":["GET"]}}],"collection":[{"href":"https:\/\/lopescancado.adv.br\/index.php?rest_route=\/wp\/v2\/posts"}],"about":[{"href":"https:\/\/lopescancado.adv.br\/index.php?rest_route=\/wp\/v2\/types\/post"}],"author":[{"embeddable":true,"href":"https:\/\/lopescancado.adv.br\/index.php?rest_route=\/wp\/v2\/users\/1"}],"replies":[{"embeddable":true,"href":"https:\/\/lopescancado.adv.br\/index.php?rest_route=%2Fwp%2Fv2%2Fcomments&post=189"}],"version-history":[{"count":0,"href":"https:\/\/lopescancado.adv.br\/index.php?rest_route=\/wp\/v2\/posts\/189\/revisions"}],"wp:attachment":[{"href":"https:\/\/lopescancado.adv.br\/index.php?rest_route=%2Fwp%2Fv2%2Fmedia&parent=189"}],"wp:term":[{"taxonomy":"category","embeddable":true,"href":"https:\/\/lopescancado.adv.br\/index.php?rest_route=%2Fwp%2Fv2%2Fcategories&post=189"},{"taxonomy":"post_tag","embeddable":true,"href":"https:\/\/lopescancado.adv.br\/index.php?rest_route=%2Fwp%2Fv2%2Ftags&post=189"}],"curies":[{"name":"wp","href":"https:\/\/api.w.org\/{rel}","templated":true}]}}