{"id":192,"date":"2012-05-17T16:02:27","date_gmt":"2012-05-17T16:02:27","guid":{"rendered":"http:\/\/lopescancado.adv.br\/blogger\/?p=192"},"modified":"2012-05-17T16:02:27","modified_gmt":"2012-05-17T16:02:27","slug":"tre-vai-exigir-nada-consta","status":"publish","type":"post","link":"https:\/\/lopescancado.adv.br\/?p=192","title":{"rendered":"TRE vai exigir &#8220;nada consta&#8221;"},"content":{"rendered":"<h4><strong>Candidatos v\u00e3o ter de apresentar declara\u00e7\u00e3o de que n\u00e3o possuem condena\u00e7\u00e3o na Justi\u00e7a<\/strong><\/h4>\n<figure id=\"attachment_193\" aria-describedby=\"caption-attachment-193\" style=\"width: 481px\" class=\"wp-caption aligncenter\"><a href=\"http:\/\/lopescancado.adv.br\/blogger\/wp-content\/uploads\/2012\/05\/6520_1.jpg\"><img loading=\"lazy\" decoding=\"async\" class=\"size-full wp-image-193\" title=\"6520_1\" src=\"http:\/\/lopescancado.adv.br\/blogger\/wp-content\/uploads\/2012\/05\/6520_1.jpg\" alt=\"\" width=\"481\" height=\"319\" srcset=\"https:\/\/lopescancado.adv.br\/wp-content\/uploads\/2012\/05\/6520_1.jpg 481w, https:\/\/lopescancado.adv.br\/wp-content\/uploads\/2012\/05\/6520_1-300x199.jpg 300w\" sizes=\"auto, (max-width: 481px) 100vw, 481px\" \/><\/a><figcaption id=\"caption-attachment-193\" class=\"wp-caption-text\">Carlos Fernando Mazzoco - Procurador Reginal Eleitoral<\/figcaption><\/figure>\n<p>Os candidatos \u00e0s elei\u00e7\u00f5es deste ano v\u00e3o ter que apresentar uma declara\u00e7\u00e3o de que n\u00e3o possuem nenhuma condena\u00e7\u00e3o ou puni\u00e7\u00e3o aplicada pela Justi\u00e7a ou por algum colegiado de classe. A exig\u00eancia ser\u00e1 do Tribunal Regional Eleitoral (TRE) do Esp\u00edrito Santo.<\/p>\n<p>Os termos da resolu\u00e7\u00e3o foram aprovados por unanimidade na sess\u00e3o de ontem, ap\u00f3s o procurador regional eleitoral, Carlos Fernando Mazzoco, apresentar a proposta.<\/p>\n<p>Mazzoco justificou que o prazo &#8211; de cinco dias &#8211; para o Minist\u00e9rio P\u00fablico apreciar as candidaturas e fazer as impugna\u00e7\u00f5es \u00e9 muito curto.<\/p>\n<p>&#8220;Vai ser humanamente imposs\u00edvel o Minist\u00e9rio P\u00fablico analisar todos os registros, fazer as impugna\u00e7\u00f5es necess\u00e1rias, pois s\u00f3 aqui no Estado dever\u00e1 ter cerca de 10 mil candidatos. O prazo \u00e9 curto e n\u00e3o h\u00e1 como o promotor consultar todas as bases judiciais e de \u00f3rg\u00e3os de classe para verificar se o candidato teve alguma condena\u00e7\u00e3o por um colegiado. Por isso, proponho que o TRE-ES exija que o candidato firme uma declara\u00e7\u00e3o, na hora do registro, de que tem condi\u00e7\u00f5es legais para as elei\u00e7\u00f5es&#8221;, disse Mazzoco.<\/p>\n<p>O presidente do TRE-ES, S\u00e9rgio Bizzotto, destacou que hoje n\u00e3o existe nenhum \u00f3rg\u00e3o central no pa\u00eds que forne\u00e7a informa\u00e7\u00f5es de condena\u00e7\u00f5es em todo pa\u00eds.<\/p>\n<p>&#8220;Considero a proposta perfeitamente vi\u00e1vel. O procurador tem raz\u00e3o, o candidato pode vir de outro Estado, entregar as certid\u00f5es negativas daqui do Esp\u00edrito Santo e ser um condenado em outra regi\u00e3o do pa\u00eds&#8221;, concluiu.<\/p>\n<p>Fonte: A Gazeta<\/p>\n","protected":false},"excerpt":{"rendered":"<p>Candidatos v\u00e3o ter de apresentar declara\u00e7\u00e3o de que n\u00e3o possuem condena\u00e7\u00e3o na Justi\u00e7a Os candidatos \u00e0s elei\u00e7\u00f5es deste ano v\u00e3o ter que apresentar uma declara\u00e7\u00e3o de que n\u00e3o possuem nenhuma condena\u00e7\u00e3o ou puni\u00e7\u00e3o aplicada pela Justi\u00e7a ou por algum colegiado de classe. A exig\u00eancia ser\u00e1 do Tribunal Regional Eleitoral (TRE) do Esp\u00edrito Santo. Os termos [&hellip;]<\/p>\n","protected":false},"author":1,"featured_media":0,"comment_status":"open","ping_status":"open","sticky":false,"template":"","format":"standard","meta":{"footnotes":""},"categories":[4],"tags":[],"class_list":["post-192","post","type-post","status-publish","format-standard","hentry","category-noticias"],"acf":[],"_links":{"self":[{"href":"https:\/\/lopescancado.adv.br\/index.php?rest_route=\/wp\/v2\/posts\/192","targetHints":{"allow":["GET"]}}],"collection":[{"href":"https:\/\/lopescancado.adv.br\/index.php?rest_route=\/wp\/v2\/posts"}],"about":[{"href":"https:\/\/lopescancado.adv.br\/index.php?rest_route=\/wp\/v2\/types\/post"}],"author":[{"embeddable":true,"href":"https:\/\/lopescancado.adv.br\/index.php?rest_route=\/wp\/v2\/users\/1"}],"replies":[{"embeddable":true,"href":"https:\/\/lopescancado.adv.br\/index.php?rest_route=%2Fwp%2Fv2%2Fcomments&post=192"}],"version-history":[{"count":0,"href":"https:\/\/lopescancado.adv.br\/index.php?rest_route=\/wp\/v2\/posts\/192\/revisions"}],"wp:attachment":[{"href":"https:\/\/lopescancado.adv.br\/index.php?rest_route=%2Fwp%2Fv2%2Fmedia&parent=192"}],"wp:term":[{"taxonomy":"category","embeddable":true,"href":"https:\/\/lopescancado.adv.br\/index.php?rest_route=%2Fwp%2Fv2%2Fcategories&post=192"},{"taxonomy":"post_tag","embeddable":true,"href":"https:\/\/lopescancado.adv.br\/index.php?rest_route=%2Fwp%2Fv2%2Ftags&post=192"}],"curies":[{"name":"wp","href":"https:\/\/api.w.org\/{rel}","templated":true}]}}