{"id":197,"date":"2012-05-17T16:05:54","date_gmt":"2012-05-17T16:05:54","guid":{"rendered":"http:\/\/lopescancado.adv.br\/blogger\/?p=197"},"modified":"2012-05-17T16:05:54","modified_gmt":"2012-05-17T16:05:54","slug":"ministra-campanha-na-internet-e-dificil-controlar","status":"publish","type":"post","link":"https:\/\/lopescancado.adv.br\/?p=197","title":{"rendered":"Ministra: campanha na internet \u00e9 dif\u00edcil controlar"},"content":{"rendered":"<h4><strong>C\u00e1rmen L\u00facia, do TSE, disse que \u00e9 preciso usar o Facebook e o Twitter com lisura.<\/strong><\/h4>\n<p>&nbsp;<\/p>\n<figure id=\"attachment_198\" aria-describedby=\"caption-attachment-198\" style=\"width: 200px\" class=\"wp-caption alignleft\"><a href=\"http:\/\/lopescancado.adv.br\/blogger\/wp-content\/uploads\/2012\/05\/a97_carme_lcia_min_fbfbec-649066-4fb2f7c7a3cd0.jpg\"><img loading=\"lazy\" decoding=\"async\" class=\"size-full wp-image-198\" title=\"a97_carme_lcia_min_fbfbec-649066-4fb2f7c7a3cd0\" src=\"http:\/\/lopescancado.adv.br\/blogger\/wp-content\/uploads\/2012\/05\/a97_carme_lcia_min_fbfbec-649066-4fb2f7c7a3cd0.jpg\" alt=\"\" width=\"200\" height=\"300\" \/><\/a><figcaption id=\"caption-attachment-198\" class=\"wp-caption-text\">C\u00e1rmen L\u00facia: &quot;O Twitter \u00e9 a mesa de bar virtual&quot;<\/figcaption><\/figure>\n<p>Autoridades do Executivo, Legislativo e do Judici\u00e1rio debateram na manh\u00e3 de ontem, na C\u00e2mara dos Deputados, os efeitos da lei eleitoral na liberdade de express\u00e3o e como lidar com redes sociais, como Facebook e Twitter.<\/p>\n<p>A presidente do Tribunal Superior Eleitoral (TSE), C\u00e1rmen L\u00facia Antunes Rocha, defendeu liberdade total de express\u00e3o e afirmou que os cidad\u00e3os t\u00eam o direito de receber informa\u00e7\u00f5es sobre tudo o que se passa durante as campanhas eleitorais.<\/p>\n<p>&#8220;N\u00e3o h\u00e1 menor possibilidade de se ter elei\u00e7\u00f5es livres sem que a imprensa atue igualmente de forma livre e que seja levada a todos&#8221;, disse ela.<\/p>\n<p>Sobre a campanha na internet, C\u00e1rmen L\u00facia lembrou que foi voto vencido no julgamento do uso do Twitter por pol\u00edticos. O entendimento do TSE foi que o uso desse instrumento por candidatos caracteriza campanha eleitoral indevida e antecipada.<\/p>\n<div>\n<div>\n<div><strong>Fiscalizar<\/strong>&#8220;H\u00e1 campanha e manifesta\u00e7\u00e3o de candidatos na internet. \u00c9 f\u00e1cil fiscalizar? \u00c9 poss\u00edvel fiscalizar? Acho quase imposs\u00edvel&#8221;<\/p>\n<p><em>Helena Chagas, Ministra da Secretaria\u00a0<\/em><br \/>\n<em>da Comunica\u00e7\u00e3o Social da Presid\u00eancia<\/em><\/p>\n<\/div>\n<\/div>\n<\/div>\n<p>&#8220;O Twitter para mim \u00e9 a mesa de bar virtual. N\u00e3o tenho como controlar. Mas \u00e9 preciso ser usado com lisura e efici\u00eancia&#8230; Claro que precisamos controlar os excessos, o abuso de poder, a fraude e a corrup\u00e7\u00e3o. Mas n\u00e3o vamos judicializar a campanha&#8221;, declarou.<\/p>\n<p>A ministra Helena Chagas, da Secretaria da Comunica\u00e7\u00e3o Social da Presid\u00eancia da Rep\u00fablica e jornalista, tamb\u00e9m defendeu a liberdade de imprensa, e disse que as novas m\u00eddias mudaram completamente as rela\u00e7\u00f5es sociais. Para ela, as leis ainda n\u00e3o acompanharam a evolu\u00e7\u00e3o tecnol\u00f3gica da comunica\u00e7\u00e3o.<\/p>\n<p>&#8220;A internet \u00e9 tamb\u00e9m um instrumento de opini\u00e3o. Muitas vezes ca\u00f3tica e an\u00e1rquica. H\u00e1 campanha eleitoral e manifesta\u00e7\u00e3o de candidatos na internet. \u00c9 f\u00e1cil fiscalizar? \u00c9 poss\u00edvel fiscalizar? Acho quase imposs\u00edvel. \u00c9 uma sinuca de bico, mas temos que encontrar solu\u00e7\u00e3o, a medida certa. Mas nada que cheire a controle de conte\u00fado&#8221;.<\/p>\n<p><em>\u00a0Fonte: A Gazeta<\/em><\/p>\n","protected":false},"excerpt":{"rendered":"<p>C\u00e1rmen L\u00facia, do TSE, disse que \u00e9 preciso usar o Facebook e o Twitter com lisura. &nbsp; Autoridades do Executivo, Legislativo e do Judici\u00e1rio debateram na manh\u00e3 de ontem, na C\u00e2mara dos Deputados, os efeitos da lei eleitoral na liberdade de express\u00e3o e como lidar com redes sociais, como Facebook e Twitter. A presidente do [&hellip;]<\/p>\n","protected":false},"author":1,"featured_media":0,"comment_status":"open","ping_status":"open","sticky":false,"template":"","format":"standard","meta":{"footnotes":""},"categories":[4],"tags":[],"class_list":["post-197","post","type-post","status-publish","format-standard","hentry","category-noticias"],"acf":[],"_links":{"self":[{"href":"https:\/\/lopescancado.adv.br\/index.php?rest_route=\/wp\/v2\/posts\/197","targetHints":{"allow":["GET"]}}],"collection":[{"href":"https:\/\/lopescancado.adv.br\/index.php?rest_route=\/wp\/v2\/posts"}],"about":[{"href":"https:\/\/lopescancado.adv.br\/index.php?rest_route=\/wp\/v2\/types\/post"}],"author":[{"embeddable":true,"href":"https:\/\/lopescancado.adv.br\/index.php?rest_route=\/wp\/v2\/users\/1"}],"replies":[{"embeddable":true,"href":"https:\/\/lopescancado.adv.br\/index.php?rest_route=%2Fwp%2Fv2%2Fcomments&post=197"}],"version-history":[{"count":0,"href":"https:\/\/lopescancado.adv.br\/index.php?rest_route=\/wp\/v2\/posts\/197\/revisions"}],"wp:attachment":[{"href":"https:\/\/lopescancado.adv.br\/index.php?rest_route=%2Fwp%2Fv2%2Fmedia&parent=197"}],"wp:term":[{"taxonomy":"category","embeddable":true,"href":"https:\/\/lopescancado.adv.br\/index.php?rest_route=%2Fwp%2Fv2%2Fcategories&post=197"},{"taxonomy":"post_tag","embeddable":true,"href":"https:\/\/lopescancado.adv.br\/index.php?rest_route=%2Fwp%2Fv2%2Ftags&post=197"}],"curies":[{"name":"wp","href":"https:\/\/api.w.org\/{rel}","templated":true}]}}