{"id":220,"date":"2012-05-30T19:20:53","date_gmt":"2012-05-30T19:20:53","guid":{"rendered":"http:\/\/lopescancado.adv.br\/blogger\/?p=220"},"modified":"2012-05-30T19:20:53","modified_gmt":"2012-05-30T19:20:53","slug":"agu-lanca-cartilha-de-conduta-para-agentes-publicos-sobre-o-que-nao-fazer-em-periodo-eleitoral","status":"publish","type":"post","link":"https:\/\/lopescancado.adv.br\/?p=220","title":{"rendered":"AGU lan\u00e7a cartilha de conduta para agentes p\u00fablicos sobre o que n\u00e3o fazer em per\u00edodo eleitoral"},"content":{"rendered":"<p><a href=\"http:\/\/lopescancado.adv.br\/blogger\/wp-content\/uploads\/2012\/05\/condutas-vedadas-aos-agentes-publicos-1.jpg\"><img loading=\"lazy\" decoding=\"async\" class=\"wp-image-221 alignleft\" title=\"condutas-vedadas-aos-agentes-publicos-1\" src=\"http:\/\/lopescancado.adv.br\/blogger\/wp-content\/uploads\/2012\/05\/condutas-vedadas-aos-agentes-publicos-1-721x1024.jpg\" alt=\"\" width=\"252\" height=\"358\" \/><\/a><\/p>\n<p>A Advocacia-Geral da Uni\u00e3o divulgou, nesta ter\u00e7a-feira (29\/5), a cartilha \u201cCondutas Vedadas aos Agentes P\u00fablicos Federais em Elei\u00e7\u00f5es Municipais de 2012\u201d. Ela re\u00fane informa\u00e7\u00f5es b\u00e1sicas sobre os direitos pol\u00edticos e as normas \u00e9ticas e legais que devem conduzir os agentes neste ano de elei\u00e7\u00f5es.<br \/>\nO documento foi elaborado em parceira com a subchefia para Assuntos Jur\u00eddicos da Casa Civil, a Comiss\u00e3o de \u00c9tica P\u00fablica e o Minist\u00e9rio do Planejamento, Or\u00e7amento e Gest\u00e3o e, segundo a procuradora-geral da Uni\u00e3o, Helia Bettero, serve para orientar e prevenir os agentes \u201cquanto aos efeitos da legisla\u00e7\u00e3o e do processo eleitoral sobre as pol\u00edticas p\u00fablicas, sobre suas atividades cotidianas, bem como as regras de elegibilidade e de desincompatibiliza\u00e7\u00e3o\u201d.<br \/>\nO objetivo da cartilha \u00e9 evitar que sejam praticados atos administrativos ou tomada de decis\u00f5es governamentais indevidas no per\u00edodo. &#8220;Para que tais atos n\u00e3o sofram impugna\u00e7\u00f5es perante a Justi\u00e7a Eleitoral, conv\u00e9m disponibilizar aos agentes p\u00fablicos um nivelamento pr\u00e9vio sobre o conhecimento dessas restri\u00e7\u00f5es de car\u00e1ter eleitoral&#8221;, afirmou o diretor do Departamento de Estudos Jur\u00eddicos e Contencioso Eleitoral, Jos\u00e9 Roberto Peixoto.<br \/>\nO documento alerta, por exemplo, sobre a inelegibilidade de c\u00f4njuges ou parentes do presidente da Rep\u00fablica, dos governadores e prefeitos, al\u00e9m de membros do Congresso Nacional, Assembleias, C\u00e2maras Legislativas e Municipais que tenham perdido o mandato. Lembra tamb\u00e9m que \u00e9 vedado aos candidatos o comparecimento \u00e0 inaugura\u00e7\u00e3o de obras e contrata\u00e7\u00e3o de shows art\u00edsticos para inaugura\u00e7\u00e3o servi\u00e7os p\u00fablicos, assim como o pronunciamento em r\u00e1dio ou emissora de televis\u00e3o fora do hor\u00e1rio gratuito. Se identificadas, essas a\u00e7\u00f5es provocam a cassa\u00e7\u00e3o do registro de candidatura ou perda do diploma e inelegibilidade por oito anos.<br \/>\nPor fim, o guia trata sobre o uso de bens e servi\u00e7os p\u00fablicos ou a cess\u00e3o de servidores ou empregados em benef\u00edcio do candidato, partido ou coliga\u00e7\u00e3o. Ressalta tamb\u00e9m que \u00e9 proibido revisar a remunera\u00e7\u00e3o de servidores p\u00fablicos a partir de 180 dias antes da elei\u00e7\u00e3o at\u00e9 a posse dos eleitos. <em>Com informa\u00e7\u00f5es da Assessoria de Imprensa da AGU<\/em><br \/>\n<strong>Para ler a cartilha, clique <\/strong><a href=\"http:\/\/s.conjur.com.br\/dl\/condutas-vedadas-aos-agentes-publicos.pdf\" target=\"_blank\" rel=\"noopener\"><strong>aqui <\/strong><\/a><\/p>\n","protected":false},"excerpt":{"rendered":"<p>A Advocacia-Geral da Uni\u00e3o divulgou, nesta ter\u00e7a-feira (29\/5), a cartilha \u201cCondutas Vedadas aos Agentes P\u00fablicos Federais em Elei\u00e7\u00f5es Municipais de 2012\u201d. Ela re\u00fane informa\u00e7\u00f5es b\u00e1sicas sobre os direitos pol\u00edticos e as normas \u00e9ticas e legais que devem conduzir os agentes neste ano de elei\u00e7\u00f5es. O documento foi elaborado em parceira com a subchefia para Assuntos [&hellip;]<\/p>\n","protected":false},"author":1,"featured_media":0,"comment_status":"open","ping_status":"open","sticky":false,"template":"","format":"standard","meta":{"footnotes":""},"categories":[4],"tags":[],"class_list":["post-220","post","type-post","status-publish","format-standard","hentry","category-noticias"],"acf":[],"_links":{"self":[{"href":"https:\/\/lopescancado.adv.br\/index.php?rest_route=\/wp\/v2\/posts\/220","targetHints":{"allow":["GET"]}}],"collection":[{"href":"https:\/\/lopescancado.adv.br\/index.php?rest_route=\/wp\/v2\/posts"}],"about":[{"href":"https:\/\/lopescancado.adv.br\/index.php?rest_route=\/wp\/v2\/types\/post"}],"author":[{"embeddable":true,"href":"https:\/\/lopescancado.adv.br\/index.php?rest_route=\/wp\/v2\/users\/1"}],"replies":[{"embeddable":true,"href":"https:\/\/lopescancado.adv.br\/index.php?rest_route=%2Fwp%2Fv2%2Fcomments&post=220"}],"version-history":[{"count":0,"href":"https:\/\/lopescancado.adv.br\/index.php?rest_route=\/wp\/v2\/posts\/220\/revisions"}],"wp:attachment":[{"href":"https:\/\/lopescancado.adv.br\/index.php?rest_route=%2Fwp%2Fv2%2Fmedia&parent=220"}],"wp:term":[{"taxonomy":"category","embeddable":true,"href":"https:\/\/lopescancado.adv.br\/index.php?rest_route=%2Fwp%2Fv2%2Fcategories&post=220"},{"taxonomy":"post_tag","embeddable":true,"href":"https:\/\/lopescancado.adv.br\/index.php?rest_route=%2Fwp%2Fv2%2Ftags&post=220"}],"curies":[{"name":"wp","href":"https:\/\/api.w.org\/{rel}","templated":true}]}}