{"id":231,"date":"2012-06-06T18:13:33","date_gmt":"2012-06-06T18:13:33","guid":{"rendered":"http:\/\/lopescancado.adv.br\/blogger\/?p=231"},"modified":"2012-06-06T18:13:33","modified_gmt":"2012-06-06T18:13:33","slug":"adiada-votacao-de-emendas-a-pec-que-acaba-com-coligacoes-em-eleicoes-proporcionais","status":"publish","type":"post","link":"https:\/\/lopescancado.adv.br\/?p=231","title":{"rendered":"Adiada vota\u00e7\u00e3o de emendas \u00e0 PEC que acaba com coliga\u00e7\u00f5es em elei\u00e7\u00f5es proporcionais\u200f"},"content":{"rendered":"<div>Para atender pedido de vista coletiva, foi adiada a vota\u00e7\u00e3o pela Comiss\u00e3o de Constitui\u00e7\u00e3o, Justi\u00e7a e Cidadania (CCJ), nesta quarta-feira (6), de relat\u00f3rio contr\u00e1rio a quatro emendas de Plen\u00e1rio apresentadas \u00e0 proposta de emenda \u00e0 Constitui\u00e7\u00e3o (<a href=\"http:\/\/www.senado.gov.br\/atividade\/materia\/detalhes.asp?p_cod_mate=100330\" target=\"_blank\" rel=\"noopener\">PEC 40\/2011<\/a>) que pro\u00edbe coliga\u00e7\u00f5es partid\u00e1rias nas elei\u00e7\u00f5es proporcionais (deputado federal, deputado estadual e vereador). A coliga\u00e7\u00e3o somente seria admitida nas elei\u00e7\u00f5es majorit\u00e1rias (presidente da Rep\u00fablica, governador e prefeito).<br \/>\n&#8211; Essa PEC \u00e9 muito importante para fortalecer os partidos. As coliga\u00e7\u00f5es nas elei\u00e7\u00f5es proporcionais s\u00e3o passageiras e feitas por conveni\u00eancia eleitoral, n\u00e3o havendo afinidade entre os partidos. N\u00e3o podemos mais admitir isso \u2013 declarou o relator, senador Valdir Raupp (PMDB-RO).<br \/>\nAs emendas rejeitadas pelo relat\u00f3rio s\u00e3o de autoria dos senadores Ant\u00f4nio Carlos Valadares (PSB-SE), In\u00e1cio Arruda (PCdoB-CE) e Vanessa Grazziotin (PCdoB-AM).<br \/>\nA PEC 40\/2011 resultou dos trabalhos da comiss\u00e3o especial da reforma pol\u00edtica. Essa proposta tramita em conjunto com a <a href=\"http:\/\/www.senado.gov.br\/atividade\/materia\/detalhes.asp?p_cod_mate=80565\" target=\"_blank\" rel=\"noopener\">PEC 29\/2007<\/a>, de iniciativa do senador Jarbas Vasconcelos (PMDB-PE), que tamb\u00e9m restringe as coliga\u00e7\u00f5es \u00e0s elei\u00e7\u00f5es majorit\u00e1rias.<\/p>\n<p align=\"center\"><strong>Obras culturais<\/strong><\/p>\n<p>Tamb\u00e9m foi adiada, para atender pedido de vista, a vota\u00e7\u00e3o de<strong> <\/strong>projeto de lei da C\u00e2mara (<a href=\"http:\/\/www.senado.gov.br\/atividade\/materia\/detalhes.asp?p_cod_mate=102732\" target=\"_blank\" rel=\"noopener\">PLC 97\/2011<\/a>) que disciplina a destina\u00e7\u00e3o de bens de valor cultural, art\u00edstico ou hist\u00f3rico apreendidos em opera\u00e7\u00e3o da Receita Federal, cedidos como pagamento de d\u00edvida ou abandonados. A inten\u00e7\u00e3o original da proposta seria concentrar em museus federais todas as obras de arte espalhadas por \u00f3rg\u00e3os p\u00fablicos da Uni\u00e3o.<br \/>\nA senadora Marta Suplicy (PT-SP) foi a primeira a questionar o projeto. Como a proposi\u00e7\u00e3o original teria sido desfigurada na vota\u00e7\u00e3o pela C\u00e2mara dos Deputados, sua d\u00favida \u00e9 se a aprova\u00e7\u00e3o do texto atual manteria a obrigatoriedade da remessa desse acervo disperso aos museus e se eventuais obras que permanecessem nas reparti\u00e7\u00f5es p\u00fablicas seriam inventariadas e teriam sua localiza\u00e7\u00e3o f\u00edsica informada na internet. \u00a0Marta acusou falhas no registro dessas pe\u00e7as.<br \/>\nO relator do PLC 97\/2011, In\u00e1cio Arruda (PCdoB-CE), convenceu Marta a desistir do pedido de vista da mat\u00e9ria. Ele argumentou que as quest\u00f5es levantadas pela senadora eram de m\u00e9rito e poderiam ser mais bem discutidas na Comiss\u00e3o de Educa\u00e7\u00e3o, Cultura e Esporte (CE), que ir\u00e1 vot\u00e1-la em decis\u00e3o terminativa.<br \/>\nMas Marta voltou atr\u00e1s em sua decis\u00e3o, ap\u00f3s os senadores Aloysio Nunes (PSDB-SP) e Pedro Taques (PDT-MT) apontarem dispositivos inconstitucionais no projeto. O senador Luiz Henrique (PMDB-SC) tamb\u00e9m compartilhou dos questionamentos feitos pela senadora, mas preferiu deixar para aprofundar a an\u00e1lise da mat\u00e9ria na CE.<\/div>\n<p><em>Fonte: Ag\u00eancia Senado<\/em><\/p>\n","protected":false},"excerpt":{"rendered":"<p>Para atender pedido de vista coletiva, foi adiada a vota\u00e7\u00e3o pela Comiss\u00e3o de Constitui\u00e7\u00e3o, Justi\u00e7a e Cidadania (CCJ), nesta quarta-feira (6), de relat\u00f3rio contr\u00e1rio a quatro emendas de Plen\u00e1rio apresentadas \u00e0 proposta de emenda \u00e0 Constitui\u00e7\u00e3o (PEC 40\/2011) que pro\u00edbe coliga\u00e7\u00f5es partid\u00e1rias nas elei\u00e7\u00f5es proporcionais (deputado federal, deputado estadual e vereador). A coliga\u00e7\u00e3o somente seria [&hellip;]<\/p>\n","protected":false},"author":1,"featured_media":0,"comment_status":"open","ping_status":"open","sticky":false,"template":"","format":"standard","meta":{"footnotes":""},"categories":[4],"tags":[],"class_list":["post-231","post","type-post","status-publish","format-standard","hentry","category-noticias"],"acf":[],"_links":{"self":[{"href":"https:\/\/lopescancado.adv.br\/index.php?rest_route=\/wp\/v2\/posts\/231","targetHints":{"allow":["GET"]}}],"collection":[{"href":"https:\/\/lopescancado.adv.br\/index.php?rest_route=\/wp\/v2\/posts"}],"about":[{"href":"https:\/\/lopescancado.adv.br\/index.php?rest_route=\/wp\/v2\/types\/post"}],"author":[{"embeddable":true,"href":"https:\/\/lopescancado.adv.br\/index.php?rest_route=\/wp\/v2\/users\/1"}],"replies":[{"embeddable":true,"href":"https:\/\/lopescancado.adv.br\/index.php?rest_route=%2Fwp%2Fv2%2Fcomments&post=231"}],"version-history":[{"count":0,"href":"https:\/\/lopescancado.adv.br\/index.php?rest_route=\/wp\/v2\/posts\/231\/revisions"}],"wp:attachment":[{"href":"https:\/\/lopescancado.adv.br\/index.php?rest_route=%2Fwp%2Fv2%2Fmedia&parent=231"}],"wp:term":[{"taxonomy":"category","embeddable":true,"href":"https:\/\/lopescancado.adv.br\/index.php?rest_route=%2Fwp%2Fv2%2Fcategories&post=231"},{"taxonomy":"post_tag","embeddable":true,"href":"https:\/\/lopescancado.adv.br\/index.php?rest_route=%2Fwp%2Fv2%2Ftags&post=231"}],"curies":[{"name":"wp","href":"https:\/\/api.w.org\/{rel}","templated":true}]}}