{"id":233,"date":"2012-06-08T21:11:09","date_gmt":"2012-06-08T21:11:09","guid":{"rendered":"http:\/\/lopescancado.adv.br\/blogger\/?p=233"},"modified":"2012-06-08T21:11:09","modified_gmt":"2012-06-08T21:11:09","slug":"dia-10-de-junho-domingo","status":"publish","type":"post","link":"https:\/\/lopescancado.adv.br\/?p=233","title":{"rendered":"Dia 10 de junho (domingo)"},"content":{"rendered":"<div>In\u00edcio do prazo para as conven\u00e7\u00f5es escolherem seus candidatos;<\/div>\n<div>In\u00edcio do prazo para nomea\u00e7\u00e3o dos membros das Mesas Receptoras;<\/div>\n<div>In\u00edcio do prazo que veda \u00e0s emissoras de r\u00e1dio e de televis\u00e3o transmitir programa apresentado ou comentado por candidato escolhido em conven\u00e7\u00e3o;<\/div>\n<div>Data onde os feitos eleitorais ter\u00e3o prioridade para a participa\u00e7\u00e3o do Minist\u00e9rio P\u00fablico e ju\u00edzes, ressaltados os processos de <em>Habeas Corpus<\/em> e Mandado de Seguran\u00e7a;<\/div>\n<div>Formaliza\u00e7\u00e3o de contratos que gerem despesas e gastos com a instala\u00e7\u00e3o f\u00edsica de comit\u00eas financeiros, desde que haja desembolso financeiro ap\u00f3s obten\u00e7\u00e3o de registro de CNPJ do candidato ou comit\u00ea financeiro;<\/div>\n<div>\u00daltimo dia para fixa\u00e7\u00e3o dos limites de gastos de campanha para as coliga\u00e7\u00f5es;<\/div>\n<div>Assegurado o exerc\u00edcio do direito de resposta ao candidato, ao partido pol\u00edtico ou \u00e0 coliga\u00e7\u00e3o atingidos;<\/div>\n<div>Conven\u00e7\u00e3o partid\u00e1ria, at\u00e9 a apura\u00e7\u00e3o, n\u00e3o poder\u00e3o servir como Ju\u00edzes Eleitorais o c\u00f4njuge, parentes consangu\u00edneos, at\u00e9 o segundo grau;<\/div>\n<div>Fixa\u00e7\u00e3o dos limites de gastos de campanha para os cargos em disputa e comunicara Justi\u00e7a Eleitoral, que dar\u00e1 a essas informa\u00e7\u00f5es ampla publicidade.<\/div>\n<div><\/div>\n<div><em>Equipe Lopes Can\u00e7ado<\/em><\/div>\n","protected":false},"excerpt":{"rendered":"<p>In\u00edcio do prazo para as conven\u00e7\u00f5es escolherem seus candidatos; In\u00edcio do prazo para nomea\u00e7\u00e3o dos membros das Mesas Receptoras; In\u00edcio do prazo que veda \u00e0s emissoras de r\u00e1dio e de televis\u00e3o transmitir programa apresentado ou comentado por candidato escolhido em conven\u00e7\u00e3o; Data onde os feitos eleitorais ter\u00e3o prioridade para a participa\u00e7\u00e3o do Minist\u00e9rio P\u00fablico e [&hellip;]<\/p>\n","protected":false},"author":1,"featured_media":0,"comment_status":"open","ping_status":"open","sticky":false,"template":"","format":"standard","meta":{"footnotes":""},"categories":[4],"tags":[],"class_list":["post-233","post","type-post","status-publish","format-standard","hentry","category-noticias"],"acf":[],"_links":{"self":[{"href":"https:\/\/lopescancado.adv.br\/index.php?rest_route=\/wp\/v2\/posts\/233","targetHints":{"allow":["GET"]}}],"collection":[{"href":"https:\/\/lopescancado.adv.br\/index.php?rest_route=\/wp\/v2\/posts"}],"about":[{"href":"https:\/\/lopescancado.adv.br\/index.php?rest_route=\/wp\/v2\/types\/post"}],"author":[{"embeddable":true,"href":"https:\/\/lopescancado.adv.br\/index.php?rest_route=\/wp\/v2\/users\/1"}],"replies":[{"embeddable":true,"href":"https:\/\/lopescancado.adv.br\/index.php?rest_route=%2Fwp%2Fv2%2Fcomments&post=233"}],"version-history":[{"count":0,"href":"https:\/\/lopescancado.adv.br\/index.php?rest_route=\/wp\/v2\/posts\/233\/revisions"}],"wp:attachment":[{"href":"https:\/\/lopescancado.adv.br\/index.php?rest_route=%2Fwp%2Fv2%2Fmedia&parent=233"}],"wp:term":[{"taxonomy":"category","embeddable":true,"href":"https:\/\/lopescancado.adv.br\/index.php?rest_route=%2Fwp%2Fv2%2Fcategories&post=233"},{"taxonomy":"post_tag","embeddable":true,"href":"https:\/\/lopescancado.adv.br\/index.php?rest_route=%2Fwp%2Fv2%2Ftags&post=233"}],"curies":[{"name":"wp","href":"https:\/\/api.w.org\/{rel}","templated":true}]}}