{"id":240,"date":"2012-06-11T20:26:10","date_gmt":"2012-06-11T20:26:10","guid":{"rendered":"http:\/\/lopescancado.adv.br\/blogger\/?p=240"},"modified":"2012-06-11T20:26:10","modified_gmt":"2012-06-11T20:26:10","slug":"pre-candidatos-nao-podem-mais-apresentar-programas-em-radio-e-tv","status":"publish","type":"post","link":"https:\/\/lopescancado.adv.br\/?p=240","title":{"rendered":"Pr\u00e9-candidatos n\u00e3o podem mais apresentar programas em r\u00e1dio e TV."},"content":{"rendered":"<table width=\"584\" border=\"0\" cellspacing=\"0\" cellpadding=\"0\" align=\"center\">\n<tbody>\n<tr>\n<td>\n<div align=\"justify\"><a href=\"http:\/\/lopescancado.adv.br\/blogger\/wp-content\/uploads\/2012\/06\/2327257-4290-rec.jpg\"><img loading=\"lazy\" decoding=\"async\" class=\"alignleft size-medium wp-image-241\" title=\"2327257-4290-rec\" src=\"http:\/\/lopescancado.adv.br\/blogger\/wp-content\/uploads\/2012\/06\/2327257-4290-rec-300x224.jpg\" alt=\"\" width=\"300\" height=\"224\" \/><\/a><\/p>\n<p align=\"justify\">Emissoras de r\u00e1dio e de televis\u00e3o n\u00e3o podem mais transmitir programa apresentado ou comentado por candidato escolhido em conven\u00e7\u00e3o partid\u00e1ria visando cargos eletivos no pleito municipal desse ano.<\/p>\n<p>O prazo come\u00e7ou neste domingo (10) e prossegue at\u00e9 o final da campanha eleitoral. \u00c9 assegurado tamb\u00e9m, a partir desta data, direito de resposta a candidato escolhido em conven\u00e7\u00e3o, partido pol\u00edtico ou coliga\u00e7\u00e3o atingidos, ainda que de forma indireta, por conceito, imagem ou afirma\u00e7\u00e3o caluniosa, difamat\u00f3ria, injuriosa ou sabidamente inver\u00eddica, difundidas por qualquer ve\u00edculo de comunica\u00e7\u00e3o social.<\/p>\n<p>As regras s\u00e3o da Justi\u00e7a Eleitoral que abriu oficialmente neste domingo o prazo para partidos pol\u00edticos realizarem suas conven\u00e7\u00f5es para definir coliga\u00e7\u00f5es e escolher seus candidatos a prefeito, vice-prefeito e vereador nas elei\u00e7\u00f5es de 2012. Pela Lei das Elei\u00e7\u00f5es (Lei 9.504\/1997), as conven\u00e7\u00f5es partid\u00e1rias devem ocorrer no per\u00edodo de 10 a 30 de junho.<\/p>\n<p>A partir desta segunda-feira (11) tamb\u00e9m caber\u00e1 a cada partido pol\u00edtico fixar o limite de gastos de campanha para os cargos em disputa e comunic\u00e1-lo, no pedido de registro de seus candidatos, \u00e0 Justi\u00e7a Eleitoral, que dar\u00e1 a essas informa\u00e7\u00f5es ampla publicidade, informa o Tribunal Regional Eleitoral de Mato Grosso (TRE).<\/p>\n<p align=\"justify\"><em>Fonte: www.odocumento.com.br<\/em><strong><em><br \/>\n<\/em><\/strong><\/p>\n<\/div>\n<\/td>\n<\/tr>\n<\/tbody>\n<\/table>\n","protected":false},"excerpt":{"rendered":"<p>Emissoras de r\u00e1dio e de televis\u00e3o n\u00e3o podem mais transmitir programa apresentado ou comentado por candidato escolhido em conven\u00e7\u00e3o partid\u00e1ria visando cargos eletivos no pleito municipal desse ano. O prazo come\u00e7ou neste domingo (10) e prossegue at\u00e9 o final da campanha eleitoral. \u00c9 assegurado tamb\u00e9m, a partir desta data, direito de resposta a candidato escolhido [&hellip;]<\/p>\n","protected":false},"author":1,"featured_media":0,"comment_status":"open","ping_status":"open","sticky":false,"template":"","format":"standard","meta":{"footnotes":""},"categories":[4],"tags":[],"class_list":["post-240","post","type-post","status-publish","format-standard","hentry","category-noticias"],"acf":[],"_links":{"self":[{"href":"https:\/\/lopescancado.adv.br\/index.php?rest_route=\/wp\/v2\/posts\/240","targetHints":{"allow":["GET"]}}],"collection":[{"href":"https:\/\/lopescancado.adv.br\/index.php?rest_route=\/wp\/v2\/posts"}],"about":[{"href":"https:\/\/lopescancado.adv.br\/index.php?rest_route=\/wp\/v2\/types\/post"}],"author":[{"embeddable":true,"href":"https:\/\/lopescancado.adv.br\/index.php?rest_route=\/wp\/v2\/users\/1"}],"replies":[{"embeddable":true,"href":"https:\/\/lopescancado.adv.br\/index.php?rest_route=%2Fwp%2Fv2%2Fcomments&post=240"}],"version-history":[{"count":0,"href":"https:\/\/lopescancado.adv.br\/index.php?rest_route=\/wp\/v2\/posts\/240\/revisions"}],"wp:attachment":[{"href":"https:\/\/lopescancado.adv.br\/index.php?rest_route=%2Fwp%2Fv2%2Fmedia&parent=240"}],"wp:term":[{"taxonomy":"category","embeddable":true,"href":"https:\/\/lopescancado.adv.br\/index.php?rest_route=%2Fwp%2Fv2%2Fcategories&post=240"},{"taxonomy":"post_tag","embeddable":true,"href":"https:\/\/lopescancado.adv.br\/index.php?rest_route=%2Fwp%2Fv2%2Ftags&post=240"}],"curies":[{"name":"wp","href":"https:\/\/api.w.org\/{rel}","templated":true}]}}