{"id":2545,"date":"2019-12-12T12:03:36","date_gmt":"2019-12-12T12:03:36","guid":{"rendered":"http:\/\/lopescancado.adv.br\/?p=2545"},"modified":"2019-12-12T12:03:36","modified_gmt":"2019-12-12T12:03:36","slug":"prefeito-e-condenado-por-contratar-advogada-pessoal-para-defender-municipio","status":"publish","type":"post","link":"https:\/\/lopescancado.adv.br\/?p=2545","title":{"rendered":"Prefeito \u00e9 condenado por contratar advogada pessoal para defender munic\u00edpio"},"content":{"rendered":"<p>O juiz de Direito Edison Alvanir Anjos de Oliveira J\u00fanior, da vara \u00fanica de Bom Retiro\/SC, decidiu pela perda do cargo do prefeito do munic\u00edpio por improbidade administrativa. Al\u00e9m disso, determinou a suspens\u00e3o dos direitos pol\u00edticos por tr\u00eas anos e o pagamento de multa civil no valor de R$ 11,6 mil. O chefe do Executivo contratou sua advogada para defender o munic\u00edpio em processo em que \u00e9 acusado de causar preju\u00edzos de mais de R$ 195 mil quando era secret\u00e1rio de Obras.<\/p>\n<p>Em ACP ajuizada pelo MP, prefeito e caus\u00eddica foram acusados de improbidade por viola\u00e7\u00e3o aos princ\u00edpios da administra\u00e7\u00e3o. Al\u00e9m de a advogada n\u00e3o ter feito concurso para atuar como servidora, a prefeitura possu\u00eda uma procuradora municipal, que exercia cargo comissionado. A contrata\u00e7\u00e3o tamb\u00e9m n\u00e3o foi feita por meio de licita\u00e7\u00e3o, como disp\u00f5e a lei, uma vez que a inexigibilidade \u00e9 admitida apenas em casos espec\u00edficos de profissional especializado para desempenhar atividade em servi\u00e7o complexo e singular.<\/p>\n<p>Em defesa, os r\u00e9us alegaram que a contrata\u00e7\u00e3o foi feita de maneira emergencial para suprir a aus\u00eancia da procuradora do munic\u00edpio, que estava em f\u00e9rias. Nos autos ficou provado que a r\u00e9 atuou pelo munic\u00edpio em datas distintas e antes de a procuradora entrar em f\u00e9rias.<\/p>\n<p>A profissional que defendia interesses pessoais do prefeito e ao mesmo tempo atuava nas causas do munic\u00edpio foi condenada a suspens\u00e3o dos direitos pol\u00edticos por tr\u00eas anos e multa civil de R$ 11,5 mil, que era o valor do empenho pela presta\u00e7\u00e3o do servi\u00e7o, com atualiza\u00e7\u00e3o pela taxa Selic.<\/p>\n<p><em>&#8220;Reconhe\u00e7o que os acionados incorreram em ato de improbidade, pois sua conduta fere os princ\u00edpios da administra\u00e7\u00e3o p\u00fablica, especialmente a legalidade e a moralidade.&#8221;<\/em><\/p>\n<p>O pol\u00edtico responde a nove processos por improbidade &#8211; quatro como prefeito e outros cinco enquanto secret\u00e1rio municipal. Ainda h\u00e1 duas a\u00e7\u00f5es penais: uma por porte e posse de armas, outra por falsidade ideol\u00f3gica. Em uma delas, a Justi\u00e7a determinou o afastamento cautelar das fun\u00e7\u00f5es at\u00e9 fevereiro de 2020.<\/p>\n<ul>\n<li>Processo:\u00a0<a href=\"https:\/\/esaj.tjsc.jus.br\/cpopg\/show.do;jsessionid=B97D763FAE74746B54EE2E6129C4D1DF.cpopg2?conversationId=&amp;cbPesquisa=NUMPROC&amp;numeroDigitoAnoUnificado=0000975-25.2018&amp;foroNumeroUnificado=0009&amp;dadosConsulta.valorConsultaNuUnificado=00009752520188240009&amp;dadosConsulta.valorConsultaNuUnificado=UNIFICADO&amp;dadosConsulta.valorConsulta=&amp;dadosConsulta.tipoNuProcesso=UNIFICADO&amp;uuidCaptcha=sajcaptcha_05aeb2dcdf8e4cd28b357e5d41c7b41b&amp;g-recaptcha-response=03AOLTBLTtJ_qK5WGTVBgLDwhm0duRyz0g3U_3NDJ6Y18cSfF0-YO02QRNIakFJbcQel31X8hBK_gSeXbigCr6Svks1C4BZrTvXnDWJQ-U9yImGvVNrIr-Uyh7aX7h0xTM4f46_ChNjoDHXpWR6A8UYr5fvzW2eEwqsdVtnOhBixdcyw7iETiHl9XMpmvnhDmJHbqqGJq7hLz4xJh0P4_QrnEYrx_qkN-R03D9VmKVh8qN1jpkp3rScwZKo3qkrQxfDRB33dvorIhDYFft_N2MGha4nevR8Op54a3nrcY_DRuIZxOqcgFOIYxtt56ZjU1WHgIAkUctOA6LayvUhlPvSEomXSE_qkJuNGke2lqninGBE-9YdcLVvwV05pCdyuiKI5BxELUIGCjRz2gzwjx2z33B7Rdg26Tonby2-wM-aVrK_0p0KmSjcx7pe16YnnXMarth8hBpiLhsyDiBPQtGl2XS1RV7rVX8pM8NzySMmkQvQ3JCfGNBW3JssHHtIetxYCSGK6SAITev&amp;processo.codigo=090001JXF0000\" target=\"_blank\" rel=\"noopener\">0000975-25.2018.8.24.0009<\/a><\/li>\n<\/ul>\n<p>Fonte:\u00a0https:\/\/www.migalhas.com.br\/Quentes\/17,MI316761,101048-Prefeito+e+condenado+por+contratar+advogada+pessoal+para+defender<\/p>\n","protected":false},"excerpt":{"rendered":"<p>O juiz de Direito Edison Alvanir Anjos de Oliveira J\u00fanior, da vara \u00fanica de Bom Retiro\/SC, decidiu pela perda do cargo do prefeito do munic\u00edpio por improbidade administrativa. Al\u00e9m disso, determinou a suspens\u00e3o dos direitos pol\u00edticos por tr\u00eas anos e o pagamento de multa civil no valor de R$ 11,6 mil. O chefe do Executivo [&hellip;]<\/p>\n","protected":false},"author":1,"featured_media":2546,"comment_status":"open","ping_status":"open","sticky":false,"template":"","format":"standard","meta":{"footnotes":""},"categories":[4],"tags":[],"class_list":["post-2545","post","type-post","status-publish","format-standard","has-post-thumbnail","hentry","category-noticias"],"acf":[],"_links":{"self":[{"href":"https:\/\/lopescancado.adv.br\/index.php?rest_route=\/wp\/v2\/posts\/2545","targetHints":{"allow":["GET"]}}],"collection":[{"href":"https:\/\/lopescancado.adv.br\/index.php?rest_route=\/wp\/v2\/posts"}],"about":[{"href":"https:\/\/lopescancado.adv.br\/index.php?rest_route=\/wp\/v2\/types\/post"}],"author":[{"embeddable":true,"href":"https:\/\/lopescancado.adv.br\/index.php?rest_route=\/wp\/v2\/users\/1"}],"replies":[{"embeddable":true,"href":"https:\/\/lopescancado.adv.br\/index.php?rest_route=%2Fwp%2Fv2%2Fcomments&post=2545"}],"version-history":[{"count":0,"href":"https:\/\/lopescancado.adv.br\/index.php?rest_route=\/wp\/v2\/posts\/2545\/revisions"}],"wp:featuredmedia":[{"embeddable":true,"href":"https:\/\/lopescancado.adv.br\/index.php?rest_route=\/wp\/v2\/media\/2546"}],"wp:attachment":[{"href":"https:\/\/lopescancado.adv.br\/index.php?rest_route=%2Fwp%2Fv2%2Fmedia&parent=2545"}],"wp:term":[{"taxonomy":"category","embeddable":true,"href":"https:\/\/lopescancado.adv.br\/index.php?rest_route=%2Fwp%2Fv2%2Fcategories&post=2545"},{"taxonomy":"post_tag","embeddable":true,"href":"https:\/\/lopescancado.adv.br\/index.php?rest_route=%2Fwp%2Fv2%2Ftags&post=2545"}],"curies":[{"name":"wp","href":"https:\/\/api.w.org\/{rel}","templated":true}]}}