{"id":2569,"date":"2020-01-27T18:39:24","date_gmt":"2020-01-27T18:39:24","guid":{"rendered":"http:\/\/lopescancado.adv.br\/?p=2569"},"modified":"2020-01-27T18:39:24","modified_gmt":"2020-01-27T18:39:24","slug":"cuidadora-de-idoso-que-dorme-no-trabalho-recebe-horas-extras-e-adicional","status":"publish","type":"post","link":"https:\/\/lopescancado.adv.br\/?p=2569","title":{"rendered":"Cuidadora de idoso que dorme no trabalho recebe horas extras e adicional"},"content":{"rendered":"<p>A cuidadora de idosos que dorme no trabalho tem direito a adicional noturno e horas extras. A decis\u00e3o \u00e9 da 16\u00aa Turma do Tribunal Regional do Trabalho da 2\u00aa Regi\u00e3o (SP). Para o colegiado,\u00a0a situa\u00e7\u00e3o configura tempo \u00e0 disposi\u00e7\u00e3o do empregador e, por isso, deve ser remunerada como tal.<\/p>\n<figure class=\"image direita\"><img decoding=\"async\" src=\"https:\/\/www.conjur.com.br\/img\/b\/cuidadora-idoso1.jpeg\" alt=\"\" \/><figcaption>Para TRT, situa\u00e7\u00e3o configura tempo \u00e0 disposi\u00e7\u00e3o e, por isso, deve ser remunerada<br \/>\n<sup>123RF<\/sup><\/figcaption><\/figure>\n<p>\u201cA fun\u00e7\u00e3o de cuidadora de idosos pressup\u00f5e, dentre outras ocupa\u00e7\u00f5es, a observa\u00e7\u00e3o da qualidade do sono da pessoa cuidada, valendo pelo seu descanso, al\u00e9m da participa\u00e7\u00e3o ativa nas terapias ocupacionais e f\u00edsicas. Logo, se a reclamante foi contratada para dormir em seu emprego, \u00e9 l\u00f3gico afirmar que havia a imprescindibilidade de acompanhamento noturno, obrigando a profissional a permanecer em estado de alerta\u201d, afirmou o relator do ac\u00f3rd\u00e3o, o desembargador Nelson Bueno do Prado.<\/p>\n<p>Por unanimidade dos votos, os magistrados condenaram a empregadora\u00a0ao pagamento de horas extras, acrescidas de 13\u00ba sal\u00e1rio, f\u00e9rias, e FGTS e, ainda, ao adicional noturno de 50% em rela\u00e7\u00e3o \u00e0s horas trabalhadas no per\u00edodo da noite, assim como as horas em prorroga\u00e7\u00e3o \u00e0 jornada noturna, mais reflexos. A cuidadora estava \u00e0 disposi\u00e7\u00e3o do idoso das 17h \u00e0s 5h do dia seguinte.\u00a0<em>Com informa\u00e7\u00f5es da Assessoria de Imprensa do TRT-2.<\/em><\/p>\n<p><strong>1001744-23.2016.5.02.0082<\/strong><\/p>\n<p>Fonte:\u00a0https:\/\/www.conjur.com.br\/2020-jan-23\/cuidadora-idoso-dorme-trabalho-recebe-horas-extra<\/p>\n","protected":false},"excerpt":{"rendered":"<p>A cuidadora de idosos que dorme no trabalho tem direito a adicional noturno e horas extras. A decis\u00e3o \u00e9 da 16\u00aa Turma do Tribunal Regional do Trabalho da 2\u00aa Regi\u00e3o (SP). Para o colegiado,\u00a0a situa\u00e7\u00e3o configura tempo \u00e0 disposi\u00e7\u00e3o do empregador e, por isso, deve ser remunerada como tal. Para TRT, situa\u00e7\u00e3o configura tempo \u00e0 [&hellip;]<\/p>\n","protected":false},"author":1,"featured_media":2570,"comment_status":"open","ping_status":"open","sticky":false,"template":"","format":"standard","meta":{"footnotes":""},"categories":[4],"tags":[],"class_list":["post-2569","post","type-post","status-publish","format-standard","has-post-thumbnail","hentry","category-noticias"],"acf":[],"_links":{"self":[{"href":"https:\/\/lopescancado.adv.br\/index.php?rest_route=\/wp\/v2\/posts\/2569","targetHints":{"allow":["GET"]}}],"collection":[{"href":"https:\/\/lopescancado.adv.br\/index.php?rest_route=\/wp\/v2\/posts"}],"about":[{"href":"https:\/\/lopescancado.adv.br\/index.php?rest_route=\/wp\/v2\/types\/post"}],"author":[{"embeddable":true,"href":"https:\/\/lopescancado.adv.br\/index.php?rest_route=\/wp\/v2\/users\/1"}],"replies":[{"embeddable":true,"href":"https:\/\/lopescancado.adv.br\/index.php?rest_route=%2Fwp%2Fv2%2Fcomments&post=2569"}],"version-history":[{"count":0,"href":"https:\/\/lopescancado.adv.br\/index.php?rest_route=\/wp\/v2\/posts\/2569\/revisions"}],"wp:featuredmedia":[{"embeddable":true,"href":"https:\/\/lopescancado.adv.br\/index.php?rest_route=\/wp\/v2\/media\/2570"}],"wp:attachment":[{"href":"https:\/\/lopescancado.adv.br\/index.php?rest_route=%2Fwp%2Fv2%2Fmedia&parent=2569"}],"wp:term":[{"taxonomy":"category","embeddable":true,"href":"https:\/\/lopescancado.adv.br\/index.php?rest_route=%2Fwp%2Fv2%2Fcategories&post=2569"},{"taxonomy":"post_tag","embeddable":true,"href":"https:\/\/lopescancado.adv.br\/index.php?rest_route=%2Fwp%2Fv2%2Ftags&post=2569"}],"curies":[{"name":"wp","href":"https:\/\/api.w.org\/{rel}","templated":true}]}}