{"id":2574,"date":"2020-01-30T11:03:24","date_gmt":"2020-01-30T11:03:24","guid":{"rendered":"http:\/\/lopescancado.adv.br\/?p=2574"},"modified":"2020-01-30T11:03:24","modified_gmt":"2020-01-30T11:03:24","slug":"prazo-para-acao-de-repeticao-de-indebito-de-ir-e-de-cinco-anos-a-partir-do-pagamento-indevido","status":"publish","type":"post","link":"https:\/\/lopescancado.adv.br\/?p=2574","title":{"rendered":"Prazo para a\u00e7\u00e3o de repeti\u00e7\u00e3o de ind\u00e9bito de IR \u00e9 de cinco anos a partir do pagamento indevido"},"content":{"rendered":"<p>O prazo para postular a repeti\u00e7\u00e3o de ind\u00e9bito tribut\u00e1rio Federal \u00e9 de cinco anos a contar do pagamento indevido. Com base neste entendimento, a 2\u00aa turma do STJ proveu recurso de contribuinte contra ac\u00f3rd\u00e3o do TRF da 4\u00aa regi\u00e3o.<\/p>\n<p>O ac\u00f3rd\u00e3o recorrido entendeu que o direito \u00e0 restitui\u00e7\u00e3o dos valores indevidamente recolhidos foi atingido pela prescri\u00e7\u00e3o, adotando como termo inicial a data da reten\u00e7\u00e3o indevida.<\/p>\n<p>No entanto, o relator do recurso do contribuinte, ministro Herman Benjamin, afirmou que tal conclus\u00e3o vai contra a jurisprud\u00eancia do Tribunal Superior:<\/p>\n<p>&#8220;<em>A prescri\u00e7\u00e3o da a\u00e7\u00e3o de repeti\u00e7\u00e3o do ind\u00e9bito tribut\u00e1rio flui a partir do pagamento realizado ap\u00f3s a declara\u00e7\u00e3o anual de ajuste do imposto de renda e n\u00e3o a partir da reten\u00e7\u00e3o na fonte (antecipa\u00e7\u00e3o)<\/em>.&#8221;<\/p>\n<p>Assim, como a declara\u00e7\u00e3o foi entregue em menos de cinco anos antes do ajuizamento da demanda, em janeiro de 2010, S. Exa. concluiu que o direito do contribuinte n\u00e3o est\u00e1 prescrito. A decis\u00e3o do colegiado foi un\u00e2nime.<\/p>\n<ul>\n<li>Processo: REsp\u00a0<a href=\"http:\/\/www.stj.jus.br\/webstj\/processo\/justica\/jurisprudencia.asp?tipo=num_pro&amp;valor=REsp1845450\" target=\"_blank\" rel=\"noopener\">1.845.450<\/a><\/li>\n<\/ul>\n<p>Fonte:\u00a0https:\/\/www.migalhas.com.br\/quentes\/319216\/prazo-para-acao-de-repeticao-de-indebito-de-ir-e-de-cinco-anos-a-partir-do-pagamento-indevido<\/p>\n","protected":false},"excerpt":{"rendered":"<p>O prazo para postular a repeti\u00e7\u00e3o de ind\u00e9bito tribut\u00e1rio Federal \u00e9 de cinco anos a contar do pagamento indevido. Com base neste entendimento, a 2\u00aa turma do STJ proveu recurso de contribuinte contra ac\u00f3rd\u00e3o do TRF da 4\u00aa regi\u00e3o. O ac\u00f3rd\u00e3o recorrido entendeu que o direito \u00e0 restitui\u00e7\u00e3o dos valores indevidamente recolhidos foi atingido pela [&hellip;]<\/p>\n","protected":false},"author":1,"featured_media":2575,"comment_status":"open","ping_status":"open","sticky":false,"template":"","format":"standard","meta":{"footnotes":""},"categories":[4],"tags":[],"class_list":["post-2574","post","type-post","status-publish","format-standard","has-post-thumbnail","hentry","category-noticias"],"acf":[],"_links":{"self":[{"href":"https:\/\/lopescancado.adv.br\/index.php?rest_route=\/wp\/v2\/posts\/2574","targetHints":{"allow":["GET"]}}],"collection":[{"href":"https:\/\/lopescancado.adv.br\/index.php?rest_route=\/wp\/v2\/posts"}],"about":[{"href":"https:\/\/lopescancado.adv.br\/index.php?rest_route=\/wp\/v2\/types\/post"}],"author":[{"embeddable":true,"href":"https:\/\/lopescancado.adv.br\/index.php?rest_route=\/wp\/v2\/users\/1"}],"replies":[{"embeddable":true,"href":"https:\/\/lopescancado.adv.br\/index.php?rest_route=%2Fwp%2Fv2%2Fcomments&post=2574"}],"version-history":[{"count":0,"href":"https:\/\/lopescancado.adv.br\/index.php?rest_route=\/wp\/v2\/posts\/2574\/revisions"}],"wp:featuredmedia":[{"embeddable":true,"href":"https:\/\/lopescancado.adv.br\/index.php?rest_route=\/wp\/v2\/media\/2575"}],"wp:attachment":[{"href":"https:\/\/lopescancado.adv.br\/index.php?rest_route=%2Fwp%2Fv2%2Fmedia&parent=2574"}],"wp:term":[{"taxonomy":"category","embeddable":true,"href":"https:\/\/lopescancado.adv.br\/index.php?rest_route=%2Fwp%2Fv2%2Fcategories&post=2574"},{"taxonomy":"post_tag","embeddable":true,"href":"https:\/\/lopescancado.adv.br\/index.php?rest_route=%2Fwp%2Fv2%2Ftags&post=2574"}],"curies":[{"name":"wp","href":"https:\/\/api.w.org\/{rel}","templated":true}]}}