{"id":2595,"date":"2020-02-16T20:31:06","date_gmt":"2020-02-16T20:31:06","guid":{"rendered":"http:\/\/lopescancado.adv.br\/?p=2595"},"modified":"2020-02-16T20:31:06","modified_gmt":"2020-02-16T20:31:06","slug":"lei-13-770-18-cirurgia-plastica-reconstrutiva-da-mama-em-casos-de-mutilacao-decorrente-de-tratamento-de-cancer","status":"publish","type":"post","link":"https:\/\/lopescancado.adv.br\/?p=2595","title":{"rendered":"Lei 13.770\/18 &#8211; Cirurgia pl\u00e1stica reconstrutiva da mama em casos de mutila\u00e7\u00e3o decorrente de tratamento de c\u00e2ncer"},"content":{"rendered":"<p style=\"font-weight: 400;\"><span style=\"font-style: inherit; font-weight: inherit;\">Como \u00e9 sabido, o direito \u00e0 sa\u00fade est\u00e1 previsto dentro dos direitos sociais garantidos pela Constitui\u00e7\u00e3o Federal. Trata-se de uma prerrogativa indispon\u00edvel assegurada \u00e0 generalidade das pessoas.<\/span><\/p>\n<p style=\"font-weight: 400;\"><span style=\"font-style: inherit; font-weight: inherit;\">Sobre o assunto, o artigo 196 da\u00a0Constitui\u00e7\u00e3o Federal garante a todos o direito \u00e0 sa\u00fade:<\/span><\/p>\n<p style=\"font-weight: 400;\"><span style=\"font-style: inherit; font-weight: inherit;\">Art. 196. A sa\u00fade \u00e9 direito de todos e dever do Estado, garantido mediante pol\u00edticas sociais e econ\u00f4micas que visem \u00e0 redu\u00e7\u00e3o do risco de doen\u00e7a e de outros agravos e ao acesso universal e igualit\u00e1rio \u00e0s a\u00e7\u00f5es e servi\u00e7os para sua promo\u00e7\u00e3o, prote\u00e7\u00e3o e recupera\u00e7\u00e3o.<\/span><\/p>\n<p style=\"font-weight: 400;\"><span style=\"font-style: inherit; font-weight: inherit;\">Frise-se que referido preceito \u00e9 tamb\u00e9m complementado pelo artigo 2\u00ba\u00a0<i><em style=\"font-weight: inherit;\">caput\u00a0<\/em><\/i>e \u00a71\u00ba da\u00a0lei 8.080\/90, que disp\u00f5e sobre as condi\u00e7\u00f5es para a promo\u00e7\u00e3o, prote\u00e7\u00e3o e recupera\u00e7\u00e3o da sa\u00fade, a organiza\u00e7\u00e3o e funcionamento dos servi\u00e7os correspondentes e d\u00e1 outras provid\u00eancias:<\/span><\/p>\n<p style=\"font-style: inherit; font-weight: inherit;\"><span style=\"font-style: inherit; font-weight: inherit;\"><b><strong style=\"font-style: inherit;\">Art. 2\u00ba<\/strong><\/b>\u00a0A sa\u00fade \u00e9 um direito fundamental do ser humano, devendo o Estado prover as condi\u00e7\u00f5es indispens\u00e1veis ao seu pleno exerc\u00edcio.<\/span><\/p>\n<ul>\n<li style=\"font-style: inherit; font-weight: inherit;\"><span style=\"font-style: inherit; font-weight: inherit;\"><b><strong style=\"font-style: inherit;\"> 1\u00ba<\/strong><\/b>O dever do Estado de garantir a sa\u00fade consiste na formula\u00e7\u00e3o e execu\u00e7\u00e3o de pol\u00edticas econ\u00f4micas e sociais que visem \u00e0 redu\u00e7\u00e3o de riscos de doen\u00e7as e de outros agravos e no estabelecimento de condi\u00e7\u00f5es que assegurem acesso universal e igualit\u00e1rio \u00e0s a\u00e7\u00f5es e aos servi\u00e7os para a sua promo\u00e7\u00e3o, prote\u00e7\u00e3o e recupera\u00e7\u00e3o.<\/span><\/li>\n<\/ul>\n<p style=\"font-weight: 400;\"><span style=\"font-style: inherit; font-weight: inherit;\">Pois bem. Em cumprimento a este dever, no dia 20\/12\/18 (quinta-feira), foi publicado no Di\u00e1rio Oficial da Uni\u00e3o (DOU), a\u00a0lei 13.770\/18, que disp\u00f5e sobre a cirurgia pl\u00e1stica reconstrutiva da mama em casos de mutila\u00e7\u00e3o decorrente de tratamento de c\u00e2ncer.<\/span><\/p>\n<p style=\"font-weight: 400;\"><span style=\"font-style: inherit; font-weight: inherit;\">Importante esclarecer desde j\u00e1 que referida lei trouxe altera\u00e7\u00f5es \u00e0\u00a0lei 9.656\/98, que disp\u00f5e sobre os planos e seguros privados de assist\u00eancia \u00e0 sa\u00fade e \u00e0\u00a0lei 9.797\/99, que trata da obrigatoriedade da cirurgia pl\u00e1stica reparadora da mama pela rede de unidade integrantes do Sistema \u00danico de Sa\u00fade (SUS) nos casos de mutila\u00e7\u00e3o decorrentes de tratamento de c\u00e2ncer.<\/span><\/p>\n<p style=\"font-weight: 400;\"><span style=\"font-style: inherit; font-weight: inherit;\">Em rela\u00e7\u00e3o a lei 9.656\/98, o artigo 10-A passou a vigorar acrescido dos seguintes \u00a7\u00a7 1\u00ba, 2\u00ba e 3\u00ba:<\/span><\/p>\n<p style=\"font-style: inherit; font-weight: inherit;\"><span style=\"font-style: inherit; font-weight: inherit;\">&#8220;Art. 10-A. (&#8230;)<\/span><\/p>\n<ul>\n<li style=\"font-style: inherit; font-weight: inherit;\"><span style=\"font-style: inherit; font-weight: inherit;\"> 1\u00ba Quando existirem condi\u00e7\u00f5es t\u00e9cnicas, a reconstru\u00e7\u00e3o da mama ser\u00e1 efetuada no tempo cir\u00fargico da mutila\u00e7\u00e3o referida no<i><em style=\"font-weight: inherit;\">caput<\/em><\/i>deste artigo.<\/span><\/li>\n<li style=\"font-style: inherit; font-weight: inherit;\"><span style=\"font-style: inherit; font-weight: inherit;\"> 2\u00ba No caso de impossibilidade de reconstru\u00e7\u00e3o imediata, a paciente ser\u00e1 encaminhada para acompanhamento e ter\u00e1 garantida a realiza\u00e7\u00e3o da cirurgia imediatamente ap\u00f3s alcan\u00e7ar as condi\u00e7\u00f5es cl\u00ednicas requeridas.<\/span><\/li>\n<li style=\"font-style: inherit; font-weight: inherit;\"><span style=\"font-style: inherit; font-weight: inherit;\"> 3\u00ba Os procedimentos de simetriza\u00e7\u00e3o da mama contralateral e de reconstru\u00e7\u00e3o do complexo ar\u00e9olo-mamilar integram a cirurgia pl\u00e1stica reconstrutiva prevista no<i><em style=\"font-weight: inherit;\">caput<\/em><\/i>e no \u00a7 1\u00ba deste artigo.&#8221; (NR)<\/span><\/li>\n<\/ul>\n<p style=\"font-weight: 400;\"><span style=\"font-style: inherit; font-weight: inherit;\">J\u00e1 em rela\u00e7\u00e3o a lei 9.797\/99, o artigo 2\u00ba passou a vigorar acrescido do seguinte \u00a7 3\u00ba:<\/span><\/p>\n<p style=\"font-style: inherit; font-weight: inherit;\"><span style=\"font-style: inherit; font-weight: inherit;\">&#8220;Art. 2\u00ba (&#8230;)<\/span><\/p>\n<ul>\n<li style=\"font-style: inherit; font-weight: inherit;\"><span style=\"font-style: inherit; font-weight: inherit;\"> 3\u00ba Os procedimentos de simetriza\u00e7\u00e3o da mama contralateral e de reconstru\u00e7\u00e3o do complexo ar\u00e9olo-mamilar integram a cirurgia pl\u00e1stica reconstrutiva prevista no art. 1\u00ba desta lei e no \u00a7 1\u00ba deste artigo.&#8221; (NR)<\/span><\/li>\n<\/ul>\n<p style=\"font-weight: 400;\"><span style=\"font-style: inherit; font-weight: inherit;\">O que se extrai dos dispositivos mencionados acima, \u00e9 que por meio das referidas altera\u00e7\u00f5es, foram estabelecidas regras mais r\u00edgidas para os planos privados e operadoras de planos de assist\u00eancia \u00e0 sa\u00fade em rela\u00e7\u00e3o ao assunto.<\/span><\/p>\n<p style=\"font-weight: 400;\"><span style=\"font-style: inherit; font-weight: inherit;\">Os procedimentos de simetriza\u00e7\u00e3o da mama contralateral e de reconstru\u00e7\u00e3o do complexo ar\u00e9olo-mamilar passaram a ser considerados partes integrantes da cirurgia reconstrutiva.<\/span><\/p>\n<p style=\"font-weight: 400;\"><span style=\"font-style: inherit; font-weight: inherit;\">Desta feita, a reconstru\u00e7\u00e3o da mama faz parte do tratamento, sendo considerado ato indispens\u00e1vel para o restabelecimento da paciente mastectomizada.<\/span><\/p>\n<p style=\"font-weight: 400;\"><span style=\"font-style: inherit; font-weight: inherit;\">Tal como dito anteriormente, estamos tratando do direito \u00e0 sa\u00fade, considerado como um direito fundamental social, que goza de efic\u00e1cia e aplicabilidade imediata, nos termos do \u00a7 1\u00ba, do art. 5\u00ba da CF.<\/span><\/p>\n<p style=\"font-weight: 400;\"><span style=\"font-style: inherit; font-weight: inherit;\">E justamente a corroborar com referido dispositivo Constitucional, ou seja, por se tratar de aplicabilidade imediata, que tamb\u00e9m houve a inova\u00e7\u00e3o com a reda\u00e7\u00e3o prevista no \u00a72\u00ba da lei 9.656\/98, ao estabelecer que\u00a0<i><em style=\"font-weight: inherit;\">\u201cno caso de impossibilidade de\u00a0<u>reconstru\u00e7\u00e3o imediata<\/u>, a paciente ser\u00e1 encaminhada para acompanhamento e ter\u00e1 garantida a realiza\u00e7\u00e3o da cirurgia\u00a0<u>imediatamente<\/u>\u00a0ap\u00f3s alcan\u00e7ar as condi\u00e7\u00f5es cl\u00ednicas requeridas.\u201d<\/em><\/i>\u00a0(destacamos)<\/span><\/p>\n<p style=\"font-weight: 400;\"><span style=\"font-style: inherit; font-weight: inherit;\">Logo, sem preju\u00edzo do Estado ter o dever de assegurar efetivamente o direito \u00e0 sa\u00fade a todos os cidad\u00e3os, como corol\u00e1rio da pr\u00f3pria garantia do direito \u00e0 vida, no caso em apre\u00e7o, em se tratando de cirurgia reconstrutiva de mama, denota-se que referido tratamento dever\u00e1 ser realizado de maneira mais c\u00e9lera, a fim de prestar o melhor atendimento ao paciente, objetivando, inclusive, seu bem-estar.<\/span><\/p>\n<p style=\"font-weight: 400;\"><span style=\"font-style: inherit; font-weight: inherit;\">Vale ressaltar, ainda, que referidas altera\u00e7\u00f5es somente entrar\u00e3o em vigor ap\u00f3s decorrido o per\u00edodo de\u00a0<i><em style=\"font-weight: inherit;\">vacatio legis<\/em><\/i>, cujo prazo \u00e9 de 180 (cento e oitenta) dias contados da data da publica\u00e7\u00e3o da lei no Di\u00e1rio Oficial da Uni\u00e3o (DOU).<\/span><\/p>\n<p style=\"font-weight: 400;\"><span style=\"font-style: inherit; font-weight: inherit;\">Conclui-se, ent\u00e3o, que caso n\u00e3o haja um atendimento da forma prevista na lei, o paciente dever\u00e1 fazer valer seus direitos, por meio de um advogado.<\/span><\/p>\n<p>Veja a lei na \u00edntegra:\u00a0https:\/\/legis.senado.leg.br\/norma\/30753482\/publicacao\/30753863<\/p>\n<p>Fonte:\u00a0https:\/\/www.migalhas.com.br\/depeso\/295366\/lei-13770-18-cirurgia-plastica-reconstrutiva-da-mama-em-casos-de-mutilacao-decorrente-de-tratamento-de-cancer<\/p>\n","protected":false},"excerpt":{"rendered":"<p>Como \u00e9 sabido, o direito \u00e0 sa\u00fade est\u00e1 previsto dentro dos direitos sociais garantidos pela Constitui\u00e7\u00e3o Federal. Trata-se de uma prerrogativa indispon\u00edvel assegurada \u00e0 generalidade das pessoas. Sobre o assunto, o artigo 196 da\u00a0Constitui\u00e7\u00e3o Federal garante a todos o direito \u00e0 sa\u00fade: Art. 196. A sa\u00fade \u00e9 direito de todos e dever do Estado, garantido [&hellip;]<\/p>\n","protected":false},"author":1,"featured_media":2596,"comment_status":"open","ping_status":"open","sticky":false,"template":"","format":"standard","meta":{"footnotes":""},"categories":[4],"tags":[],"class_list":["post-2595","post","type-post","status-publish","format-standard","has-post-thumbnail","hentry","category-noticias"],"acf":[],"_links":{"self":[{"href":"https:\/\/lopescancado.adv.br\/index.php?rest_route=\/wp\/v2\/posts\/2595","targetHints":{"allow":["GET"]}}],"collection":[{"href":"https:\/\/lopescancado.adv.br\/index.php?rest_route=\/wp\/v2\/posts"}],"about":[{"href":"https:\/\/lopescancado.adv.br\/index.php?rest_route=\/wp\/v2\/types\/post"}],"author":[{"embeddable":true,"href":"https:\/\/lopescancado.adv.br\/index.php?rest_route=\/wp\/v2\/users\/1"}],"replies":[{"embeddable":true,"href":"https:\/\/lopescancado.adv.br\/index.php?rest_route=%2Fwp%2Fv2%2Fcomments&post=2595"}],"version-history":[{"count":0,"href":"https:\/\/lopescancado.adv.br\/index.php?rest_route=\/wp\/v2\/posts\/2595\/revisions"}],"wp:featuredmedia":[{"embeddable":true,"href":"https:\/\/lopescancado.adv.br\/index.php?rest_route=\/wp\/v2\/media\/2596"}],"wp:attachment":[{"href":"https:\/\/lopescancado.adv.br\/index.php?rest_route=%2Fwp%2Fv2%2Fmedia&parent=2595"}],"wp:term":[{"taxonomy":"category","embeddable":true,"href":"https:\/\/lopescancado.adv.br\/index.php?rest_route=%2Fwp%2Fv2%2Fcategories&post=2595"},{"taxonomy":"post_tag","embeddable":true,"href":"https:\/\/lopescancado.adv.br\/index.php?rest_route=%2Fwp%2Fv2%2Ftags&post=2595"}],"curies":[{"name":"wp","href":"https:\/\/api.w.org\/{rel}","templated":true}]}}