{"id":2606,"date":"2020-02-27T14:30:37","date_gmt":"2020-02-27T14:30:37","guid":{"rendered":"http:\/\/lopescancado.adv.br\/?p=2606"},"modified":"2020-02-27T14:30:37","modified_gmt":"2020-02-27T14:30:37","slug":"vinculo-empregaticio-entre-pastor-e-igreja-nao-e-reconhecido","status":"publish","type":"post","link":"https:\/\/lopescancado.adv.br\/?p=2606","title":{"rendered":"V\u00ednculo empregat\u00edcio entre pastor e igreja n\u00e3o \u00e9 reconhecido"},"content":{"rendered":"<p>A 1\u00aa turma do TRT da 17\u00aa regi\u00e3o n\u00e3o reconheceu v\u00ednculo empregat\u00edcio entre pastor e igreja. Para o colegiado, dinheiro oferecido pela igreja como ajuda de custo ao reclamante n\u00e3o representa sal\u00e1rio.<\/p>\n<p>O pastor ajuizou a\u00e7\u00e3o alegando que foi contratado pela Igreja para exercer a fun\u00e7\u00e3o de Pastor, tendo sido designado, em 2008, para exercer suas atividades em Tocantins. Alegou que ap\u00f3s 5 anos, foi para Juiz de Fora\/MG, retornou depois para Vit\u00f3ria\/ES e, por fim, foi transferido para Abacruz\/ES.<\/p>\n<p>Afirmou que sua jornada era de domingo a sexta, das 7h \u00e0s 21h, sem intercalo intrajornada, com uma folga semanal aos s\u00e1bados. Ele recebia remunera\u00e7\u00e3o e realizava o gerenciamento da igreja, tenho obriga\u00e7\u00f5es de prestar contas semanalmente quanto as arrecada\u00e7\u00f5es e seus gastos com a manuten\u00e7\u00e3o do local.<\/p>\n<p>O ju\u00edzo de 1\u00ba grau julgou improcedente o pedido, considerando que n\u00e3o havia v\u00ednculo empregat\u00edcio.<\/p>\n<p>O pastor interp\u00f4s recurso afirmando que restaram preenchidos os requeisitos previstos nos artigos 3\u00ba da CLT, segundo o qual considera-se empregado toda pessoa f\u00edsica que prestar servi\u00e7os de natureza n\u00e3o eventual a empregador, sob a depend\u00eancia deste e mediante sal\u00e1rio<\/p>\n<p>Ao analisar o recurso, o desembargador Gerson Fernando Da Sylveira Novais, relator, explicou que o autor exercia a fun\u00e7\u00e3o de pastor evang\u00e9lico e que suas tarefas eram a prega\u00e7\u00e3o religiosa.<\/p>\n<blockquote><p><em>&#8220;Entendo que dinheiro oferecido pela igreja como ajuda de custo ao reclamante n\u00e3o representa sal\u00e1rio, mas t\u00e3o somente uma ajuda para a subsist\u00eancia b\u00e1sica do ministro religioso. Nessa rela\u00e7\u00e3o, a igreja x pastor, inexiste explora\u00e7\u00e3o da for\u00e7a do trabalho do pastor, bem como objetivo lucrativo da institui\u00e7\u00e3o. Na miss\u00e3o de f\u00e9 n\u00e3o h\u00e1 recompensa material, mas espiritual. \u00e0 atividade do pastor evang\u00e9lico a onerosidade nos moldes da contrapresta\u00e7\u00e3o com a voca\u00e7\u00e3o \u00e0 evangeliza\u00e7\u00e3o.&#8221;<\/em><\/p><\/blockquote>\n<p>Os advogados Giulio Cesare Imbroisi e Edna Lemos Schilte\u00a0\u00a0defendera a igreja na causa.<\/p>\n<ul>\n<li>Processo:\u00a00000173-89.2019.5.17.0121<\/li>\n<\/ul>\n<p>Veja o\u00a0<a href=\"https:\/\/www.migalhas.com.br\/arquivos\/2020\/2\/6A1BFF74E5BFE8_acordao___.pdf\" target=\"_blank\" rel=\"noopener\">ac\u00f3rd\u00e3o<\/a>.<\/p>\n","protected":false},"excerpt":{"rendered":"<p>A 1\u00aa turma do TRT da 17\u00aa regi\u00e3o n\u00e3o reconheceu v\u00ednculo empregat\u00edcio entre pastor e igreja. Para o colegiado, dinheiro oferecido pela igreja como ajuda de custo ao reclamante n\u00e3o representa sal\u00e1rio. O pastor ajuizou a\u00e7\u00e3o alegando que foi contratado pela Igreja para exercer a fun\u00e7\u00e3o de Pastor, tendo sido designado, em 2008, para exercer [&hellip;]<\/p>\n","protected":false},"author":1,"featured_media":2607,"comment_status":"open","ping_status":"open","sticky":false,"template":"","format":"standard","meta":{"footnotes":""},"categories":[4],"tags":[],"class_list":["post-2606","post","type-post","status-publish","format-standard","has-post-thumbnail","hentry","category-noticias"],"acf":[],"_links":{"self":[{"href":"https:\/\/lopescancado.adv.br\/index.php?rest_route=\/wp\/v2\/posts\/2606","targetHints":{"allow":["GET"]}}],"collection":[{"href":"https:\/\/lopescancado.adv.br\/index.php?rest_route=\/wp\/v2\/posts"}],"about":[{"href":"https:\/\/lopescancado.adv.br\/index.php?rest_route=\/wp\/v2\/types\/post"}],"author":[{"embeddable":true,"href":"https:\/\/lopescancado.adv.br\/index.php?rest_route=\/wp\/v2\/users\/1"}],"replies":[{"embeddable":true,"href":"https:\/\/lopescancado.adv.br\/index.php?rest_route=%2Fwp%2Fv2%2Fcomments&post=2606"}],"version-history":[{"count":0,"href":"https:\/\/lopescancado.adv.br\/index.php?rest_route=\/wp\/v2\/posts\/2606\/revisions"}],"wp:featuredmedia":[{"embeddable":true,"href":"https:\/\/lopescancado.adv.br\/index.php?rest_route=\/wp\/v2\/media\/2607"}],"wp:attachment":[{"href":"https:\/\/lopescancado.adv.br\/index.php?rest_route=%2Fwp%2Fv2%2Fmedia&parent=2606"}],"wp:term":[{"taxonomy":"category","embeddable":true,"href":"https:\/\/lopescancado.adv.br\/index.php?rest_route=%2Fwp%2Fv2%2Fcategories&post=2606"},{"taxonomy":"post_tag","embeddable":true,"href":"https:\/\/lopescancado.adv.br\/index.php?rest_route=%2Fwp%2Fv2%2Ftags&post=2606"}],"curies":[{"name":"wp","href":"https:\/\/api.w.org\/{rel}","templated":true}]}}