{"id":2612,"date":"2020-03-12T20:08:04","date_gmt":"2020-03-12T20:08:04","guid":{"rendered":"http:\/\/lopescancado.adv.br\/?p=2612"},"modified":"2020-03-12T20:08:04","modified_gmt":"2020-03-12T20:08:04","slug":"coronavirus-mpf-recomenda-cancelamento-de-passagens-aereas-sem-taxas","status":"publish","type":"post","link":"https:\/\/lopescancado.adv.br\/?p=2612","title":{"rendered":"Coronav\u00edrus: MPF recomenda cancelamento de passagens a\u00e9reas sem taxas"},"content":{"rendered":"<h2 class=\"headline__subtitle\">A medida deve atender clientes de companhias a\u00e9reas que tenham adquirido passagens at\u00e9 9 de mar\u00e7o.<\/h2>\n<p>O Minist\u00e9rio P\u00fablico Federal (MPF) recomendou \u00e0 Ag\u00eancia Nacional de Avia\u00e7\u00e3o Civil (Anac) que publique ato normativo que assegure aos consumidores a possibilidade de cancelar, sem \u00f4nus, passagens a\u00e9reas nacionais e internacionais para destinos atingidos pelo novo\u00a0<a href=\"https:\/\/www.huffpostbrasil.com\/news\/coronavirus\/\" target=\"_blank\" rel=\"noopener noreferrer\" data-rapid-elm=\"context_link\" data-ylk=\"elm:context_link\" data-rapid-sec=\"{&quot;entry-text&quot;:&quot;entry-text&quot;}\" data-rapid_p=\"2\" data-v9y=\"1\">coronav\u00edrus<\/a>\u00a0(Covid-19).<\/p>\n<div id=\"entry_paragraph_1\" class=\"advertisement-holder entry-paragraph-ad entry-body--paragraph-ad\" data-label-height=\"50\">\n<div class=\"ad_spot \">\n<div id=\"teads-entry_paragraph_1\" class=\"hp-teads-adspot ad-entry_paragraph_1\"><\/div>\n<\/div>\n<\/div>\n<p>No entendimento do MPF, a cobran\u00e7a de taxas e multas em situa\u00e7\u00f5es de emerg\u00eancia mundial em sa\u00fade \u00e9 pr\u00e1tica abusiva e proibida pelo C\u00f3digo de Defesa do Consumidor.<\/p>\n<p>A medida deve atender clientes de companhias a\u00e9reas que tenham adquirido passagens at\u00e9 9 de mar\u00e7o (data de assinatura da recomenda\u00e7\u00e3o), tendo como origem os aeroportos do Brasil. Al\u00e9m disso, deve garantir tamb\u00e9m a possibilidade de remarca\u00e7\u00e3o de viagens para a utiliza\u00e7\u00e3o de passagens no prazo de at\u00e9 12 meses.<\/p>\n<p>O MPF quer ainda que as companhias a\u00e9reas devolvam valores eventualmente cobrados a t\u00edtulo de multas ou taxas a todos os consumidores no Brasil que j\u00e1 solicitaram o cancelamento de passagens em fun\u00e7\u00e3o da epidemia.<\/p>\n<p>A recomenda\u00e7\u00e3o foi expedida com base em inqu\u00e9rito civil que tramita no Minist\u00e9rio P\u00fablico Federal no Cear\u00e1 para acompanhar a propaga\u00e7\u00e3o do coronav\u00edrus.<\/p>\n<p>Titular da investiga\u00e7\u00e3o, a procuradora da Rep\u00fablica Nilce Cunha Rodrigues argumenta que o C\u00f3digo de Defesa do Consumidor prev\u00ea, como direito b\u00e1sico do consumidor, a revis\u00e3o de cl\u00e1usulas contratuais devido a fatos supervenientes, como \u00e9 o caso da situa\u00e7\u00e3o atual de enfrentamento da emerg\u00eancia de sa\u00fade p\u00fablica. \u201cMesmo n\u00e3o sendo de responsabilidade das empresas o fato extraordin\u00e1rio, a vulnerabilidade do consumidor nessas rela\u00e7\u00f5es de consumo autoriza tal medida\u201d, disse.<\/p>\n<p>A Organiza\u00e7\u00e3o Mundial de Sa\u00fade (OMS) declarou, em 30 de janeiro, Emerg\u00eancia de Sa\u00fade P\u00fablica de Import\u00e2ncia Internacional (ESPII), dado o grau de avan\u00e7o dos casos de contamina\u00e7\u00e3o pelo Covid-19. O Brasil seguiu o mesmo caminho. Em 3 de fevereiro, o Minist\u00e9rio da Sa\u00fade decretou Estado de Emerg\u00eancia de Sa\u00fade P\u00fablica de Import\u00e2ncia Nacional com a publica\u00e7\u00e3o da\u00a0<a href=\"http:\/\/www.in.gov.br\/web\/dou\/-\/portaria-n-188-de-3-de-fevereiro-de-2020-241408388\" target=\"_blank\" rel=\"noopener noreferrer\" data-rapid-elm=\"context_link\" data-ylk=\"elm:context_link\" data-rapid-sec=\"{&quot;entry-text&quot;:&quot;entry-text&quot;}\" data-rapid_p=\"3\" data-v9y=\"1\">Portaria MS n\u00ba 188<\/a>.<\/p>\n<h2>Situa\u00e7\u00e3o do Covid-19 no Brasil<\/h2>\n<p>No pa\u00eds, de acordo o Minist\u00e9rio da Sa\u00fade, dados divulgados nessa ter\u00e7a-feira (10), ao todo, s\u00e3o 34 casos confirmados em todo o pa\u00eds, sendo seis por transmiss\u00e3o local, cinco em S\u00e3o Paulo e um na Bahia, e 28 casos importados. Atualmente, s\u00e3o monitorados 893 casos suspeitos e outros 780 j\u00e1 foram descartados. De acordo com a pasta, os dados foram repassados pelas Secretarias Estaduais de Sa\u00fade.<\/p>\n<p>Fonte:\u00a0https:\/\/www.huffpostbrasil.com\/entry\/viagem-aviao-coronavirus_br_5e68f010c5b60557280eee7d?ncid=fcbklnkbrhpmg00000004<\/p>\n","protected":false},"excerpt":{"rendered":"<p>A medida deve atender clientes de companhias a\u00e9reas que tenham adquirido passagens at\u00e9 9 de mar\u00e7o. O Minist\u00e9rio P\u00fablico Federal (MPF) recomendou \u00e0 Ag\u00eancia Nacional de Avia\u00e7\u00e3o Civil (Anac) que publique ato normativo que assegure aos consumidores a possibilidade de cancelar, sem \u00f4nus, passagens a\u00e9reas nacionais e internacionais para destinos atingidos pelo novo\u00a0coronav\u00edrus\u00a0(Covid-19). No entendimento [&hellip;]<\/p>\n","protected":false},"author":1,"featured_media":2613,"comment_status":"open","ping_status":"open","sticky":false,"template":"","format":"standard","meta":{"footnotes":""},"categories":[4],"tags":[],"class_list":["post-2612","post","type-post","status-publish","format-standard","has-post-thumbnail","hentry","category-noticias"],"acf":[],"_links":{"self":[{"href":"https:\/\/lopescancado.adv.br\/index.php?rest_route=\/wp\/v2\/posts\/2612","targetHints":{"allow":["GET"]}}],"collection":[{"href":"https:\/\/lopescancado.adv.br\/index.php?rest_route=\/wp\/v2\/posts"}],"about":[{"href":"https:\/\/lopescancado.adv.br\/index.php?rest_route=\/wp\/v2\/types\/post"}],"author":[{"embeddable":true,"href":"https:\/\/lopescancado.adv.br\/index.php?rest_route=\/wp\/v2\/users\/1"}],"replies":[{"embeddable":true,"href":"https:\/\/lopescancado.adv.br\/index.php?rest_route=%2Fwp%2Fv2%2Fcomments&post=2612"}],"version-history":[{"count":0,"href":"https:\/\/lopescancado.adv.br\/index.php?rest_route=\/wp\/v2\/posts\/2612\/revisions"}],"wp:featuredmedia":[{"embeddable":true,"href":"https:\/\/lopescancado.adv.br\/index.php?rest_route=\/wp\/v2\/media\/2613"}],"wp:attachment":[{"href":"https:\/\/lopescancado.adv.br\/index.php?rest_route=%2Fwp%2Fv2%2Fmedia&parent=2612"}],"wp:term":[{"taxonomy":"category","embeddable":true,"href":"https:\/\/lopescancado.adv.br\/index.php?rest_route=%2Fwp%2Fv2%2Fcategories&post=2612"},{"taxonomy":"post_tag","embeddable":true,"href":"https:\/\/lopescancado.adv.br\/index.php?rest_route=%2Fwp%2Fv2%2Ftags&post=2612"}],"curies":[{"name":"wp","href":"https:\/\/api.w.org\/{rel}","templated":true}]}}