{"id":2616,"date":"2020-03-14T20:12:30","date_gmt":"2020-03-14T20:12:30","guid":{"rendered":"http:\/\/lopescancado.adv.br\/?p=2616"},"modified":"2020-03-14T20:12:30","modified_gmt":"2020-03-14T20:12:30","slug":"ans-inclui-exame-para-deteccao-de-coronavirus-no-rol-de-procedimentos-obrigatorios","status":"publish","type":"post","link":"https:\/\/lopescancado.adv.br\/?p=2616","title":{"rendered":"ANS inclui exame para detec\u00e7\u00e3o de Coronav\u00edrus no Rol de Procedimentos obrigat\u00f3rios"},"content":{"rendered":"<p>A diretoria colegiada da Ag\u00eancia Nacional de Sa\u00fade Suplementar (ANS) aprovou, na tarde desta quinta-feira (12\/03), em reuni\u00e3o extraordin\u00e1ria, a inclus\u00e3o do exame de detec\u00e7\u00e3o do Coronav\u00edrus no Rol de Procedimentos obrigat\u00f3rios para benefici\u00e1rios de planos de sa\u00fade. A Resolu\u00e7\u00e3o Normativa foi publicada no Di\u00e1rio Oficial da Uni\u00e3o e entra em vigor nesta sexta-feira (13\/03), data de sua publica\u00e7\u00e3o.<\/p>\n<p>O teste ser\u00e1 coberto para os benefici\u00e1rios de planos de sa\u00fade com segmenta\u00e7\u00e3o ambulatorial, hospitalar ou refer\u00eancia e ser\u00e1 feito nos casos em que houver indica\u00e7\u00e3o m\u00e9dica, de acordo com o protocolo e as diretrizes definidas pelo Minist\u00e9rio da Sa\u00fade.<\/p>\n<p>A ANS orienta que o benefici\u00e1rio n\u00e3o se dirija a hospitais ou outras unidades de sa\u00fade sem antes consultar sua operadora de plano de sa\u00fade, para informa\u00e7\u00f5es sobre o local mais adequado para a realiza\u00e7\u00e3o de exame ou para esclarecimento de d\u00favidas sobre diagn\u00f3stico ou tratamento da doen\u00e7a.<\/p>\n<p>Considerando que o conhecimento sobre a infec\u00e7\u00e3o pelo v\u00edrus SARS-CoV-2 (Covid-19) ainda est\u00e1 em constru\u00e7\u00e3o, os protocolos e diretrizes podem ser revistos a qualquer tempo, o que poder\u00e1 alterar a indica\u00e7\u00e3o dos casos para realiza\u00e7\u00e3o do exame com cobertura obrigat\u00f3ria.<\/p>\n<p>A ANS esclarece que a cobertura do tratamento aos pacientes diagnosticados com o Covid-19 j\u00e1 \u00e9 assegurada aos benefici\u00e1rios de planos de sa\u00fade, de acordo com a segmenta\u00e7\u00e3o de seus planos (ambulatorial, hospitalar).<\/p>\n<p><strong>Sobre o exame<\/strong><br \/>\nO exame inclu\u00eddo no Rol de Procedimentos e Eventos em Sa\u00fade da ANS \u00e9 o \u201cSARS-CoV-2 (CORONAV\u00cdRUS COVID-19) \u2013 pesquisa por RT \u2013 PCR (com diretriz de utiliza\u00e7\u00e3o).<\/p>\n<p>A cobertura \u00e9 obrigat\u00f3ria quando o paciente se enquadrar na defini\u00e7\u00e3o de caso suspeito ou prov\u00e1vel de doen\u00e7a pelo Coronav\u00edrus 2019 (COVID-19) definido pelo Minist\u00e9rio da Sa\u00fade. Ressalta-se novamente que, uma vez que o conhecimento da infec\u00e7\u00e3o pelo v\u00edrus SARS-CoV-2 (Covid-19) ainda est\u00e1 em processo de consolida\u00e7\u00e3o, \u00e0 medida que novas evid\u00eancias forem disponibilizadas, a tecnologia e sua diretriz poder\u00e3o ser revistas, a qualquer tempo, seja por iniciativa da ANS ou por orienta\u00e7\u00e3o do Minist\u00e9rio da Sa\u00fade.<\/p>\n<p>Fonte:\u00a0http:\/\/www.ans.gov.br\/aans\/noticias-ans\/consumidor\/5405-ans-inclui-exame-para-deteccao-de-coronavirus-no-rol-de-procedimentos-obrigatorios<\/p>\n","protected":false},"excerpt":{"rendered":"<p>A diretoria colegiada da Ag\u00eancia Nacional de Sa\u00fade Suplementar (ANS) aprovou, na tarde desta quinta-feira (12\/03), em reuni\u00e3o extraordin\u00e1ria, a inclus\u00e3o do exame de detec\u00e7\u00e3o do Coronav\u00edrus no Rol de Procedimentos obrigat\u00f3rios para benefici\u00e1rios de planos de sa\u00fade. A Resolu\u00e7\u00e3o Normativa foi publicada no Di\u00e1rio Oficial da Uni\u00e3o e entra em vigor nesta sexta-feira (13\/03), [&hellip;]<\/p>\n","protected":false},"author":1,"featured_media":2617,"comment_status":"open","ping_status":"open","sticky":false,"template":"","format":"standard","meta":{"footnotes":""},"categories":[4],"tags":[],"class_list":["post-2616","post","type-post","status-publish","format-standard","has-post-thumbnail","hentry","category-noticias"],"acf":[],"_links":{"self":[{"href":"https:\/\/lopescancado.adv.br\/index.php?rest_route=\/wp\/v2\/posts\/2616","targetHints":{"allow":["GET"]}}],"collection":[{"href":"https:\/\/lopescancado.adv.br\/index.php?rest_route=\/wp\/v2\/posts"}],"about":[{"href":"https:\/\/lopescancado.adv.br\/index.php?rest_route=\/wp\/v2\/types\/post"}],"author":[{"embeddable":true,"href":"https:\/\/lopescancado.adv.br\/index.php?rest_route=\/wp\/v2\/users\/1"}],"replies":[{"embeddable":true,"href":"https:\/\/lopescancado.adv.br\/index.php?rest_route=%2Fwp%2Fv2%2Fcomments&post=2616"}],"version-history":[{"count":0,"href":"https:\/\/lopescancado.adv.br\/index.php?rest_route=\/wp\/v2\/posts\/2616\/revisions"}],"wp:featuredmedia":[{"embeddable":true,"href":"https:\/\/lopescancado.adv.br\/index.php?rest_route=\/wp\/v2\/media\/2617"}],"wp:attachment":[{"href":"https:\/\/lopescancado.adv.br\/index.php?rest_route=%2Fwp%2Fv2%2Fmedia&parent=2616"}],"wp:term":[{"taxonomy":"category","embeddable":true,"href":"https:\/\/lopescancado.adv.br\/index.php?rest_route=%2Fwp%2Fv2%2Fcategories&post=2616"},{"taxonomy":"post_tag","embeddable":true,"href":"https:\/\/lopescancado.adv.br\/index.php?rest_route=%2Fwp%2Fv2%2Ftags&post=2616"}],"curies":[{"name":"wp","href":"https:\/\/api.w.org\/{rel}","templated":true}]}}