{"id":2619,"date":"2020-03-18T06:00:24","date_gmt":"2020-03-18T06:00:24","guid":{"rendered":"http:\/\/lopescancado.adv.br\/?p=2619"},"modified":"2020-03-18T06:00:24","modified_gmt":"2020-03-18T06:00:24","slug":"empresario-que-escapou-de-quarentena-e-levou-covid-19-para-sul-da-ba-sera-processado","status":"publish","type":"post","link":"https:\/\/lopescancado.adv.br\/?p=2619","title":{"rendered":"Empres\u00e1rio que escapou de quarentena e levou covid-19 para sul da BA ser\u00e1 processado"},"content":{"rendered":"<p>Pela primeira vez, uma pessoa ser\u00e1 responsabilizada por descumprir quarentena durante a pandemia do coronav\u00edrus: Claudio Henrique do Vale Vieira\u00a0foi parar em Trancoso, na Bahia, supostamente ap\u00f3s saber que havia testado positivo para o covid-19, em S\u00e3o Paulo. Com a viagem, outras duas pessoas foram contaminadas.\u00a0Claudio Vieira \u00e9 filho da desembargadora do TJ\/CE, Iracema do Vale, ex-conselheira do CNJ.<\/p>\n<p>Pela atitude, classificada de \u201cirrespons\u00e1vel\u201d e \u201cnegligente\u201d, o governador da Bahia, Rui Costa, pediu que \u00e0 PGE abertura de processo, informa G1.<\/p>\n<p>Vale lembrar, os ministros da Justi\u00e7a, Sergio Moro, e da Sa\u00fade, Luiz Henrique Mandetta, editaram\u00a0<a href=\"https:\/\/www.migalhas.com.br\/arquivos\/2020\/3\/1E92D26191813D_portaria.pdf\" target=\"_blank\" rel=\"noopener\">portaria<\/a>\u00a0nesta ter\u00e7a-feira, 17, autorizando o uso da for\u00e7a policial para for\u00e7ar indiv\u00edduos suspeitos de contamina\u00e7\u00e3o a ficar em isolamento ou quarentena e estabelecendo crimes no caso de descumprimento das medidas.<\/p>\n<p>A portaria conjunta dos minist\u00e9rios estabelece que o descumprimento do isolamento e da quarentena pode ensejar a responsabiliza\u00e7\u00e3o civil, penal ou administrativa da pessoa suspeita de contamina\u00e7\u00e3o.<\/p>\n<p><strong>Explica\u00e7\u00e3o<\/strong><\/p>\n<p>Em carta \u00e0 popula\u00e7\u00e3o de Porto Seguro e Trancoso, Claudio e a esposa afirmam que receberam os diagn\u00f3sticos enquanto j\u00e1 estavam em Itapororoca.\u00a0Apesar disso, em postagem no Instagram, que circula pela rede, parentes do empres\u00e1rio demonstram que a fam\u00edlia j\u00e1 sabia da quarentena.<\/p>\n<p>Fonte:\u00a0https:\/\/www.migalhas.com.br\/quentes\/322002\/empresario-que-escapou-de-quarentena-e-levou-covid-19-para-sul-da-ba-sera-processado<\/p>\n","protected":false},"excerpt":{"rendered":"<p>Pela primeira vez, uma pessoa ser\u00e1 responsabilizada por descumprir quarentena durante a pandemia do coronav\u00edrus: Claudio Henrique do Vale Vieira\u00a0foi parar em Trancoso, na Bahia, supostamente ap\u00f3s saber que havia testado positivo para o covid-19, em S\u00e3o Paulo. Com a viagem, outras duas pessoas foram contaminadas.\u00a0Claudio Vieira \u00e9 filho da desembargadora do TJ\/CE, Iracema do [&hellip;]<\/p>\n","protected":false},"author":1,"featured_media":2620,"comment_status":"open","ping_status":"open","sticky":false,"template":"","format":"standard","meta":{"footnotes":""},"categories":[4],"tags":[],"class_list":["post-2619","post","type-post","status-publish","format-standard","has-post-thumbnail","hentry","category-noticias"],"acf":[],"_links":{"self":[{"href":"https:\/\/lopescancado.adv.br\/index.php?rest_route=\/wp\/v2\/posts\/2619","targetHints":{"allow":["GET"]}}],"collection":[{"href":"https:\/\/lopescancado.adv.br\/index.php?rest_route=\/wp\/v2\/posts"}],"about":[{"href":"https:\/\/lopescancado.adv.br\/index.php?rest_route=\/wp\/v2\/types\/post"}],"author":[{"embeddable":true,"href":"https:\/\/lopescancado.adv.br\/index.php?rest_route=\/wp\/v2\/users\/1"}],"replies":[{"embeddable":true,"href":"https:\/\/lopescancado.adv.br\/index.php?rest_route=%2Fwp%2Fv2%2Fcomments&post=2619"}],"version-history":[{"count":0,"href":"https:\/\/lopescancado.adv.br\/index.php?rest_route=\/wp\/v2\/posts\/2619\/revisions"}],"wp:featuredmedia":[{"embeddable":true,"href":"https:\/\/lopescancado.adv.br\/index.php?rest_route=\/wp\/v2\/media\/2620"}],"wp:attachment":[{"href":"https:\/\/lopescancado.adv.br\/index.php?rest_route=%2Fwp%2Fv2%2Fmedia&parent=2619"}],"wp:term":[{"taxonomy":"category","embeddable":true,"href":"https:\/\/lopescancado.adv.br\/index.php?rest_route=%2Fwp%2Fv2%2Fcategories&post=2619"},{"taxonomy":"post_tag","embeddable":true,"href":"https:\/\/lopescancado.adv.br\/index.php?rest_route=%2Fwp%2Fv2%2Ftags&post=2619"}],"curies":[{"name":"wp","href":"https:\/\/api.w.org\/{rel}","templated":true}]}}