{"id":2622,"date":"2020-03-18T20:51:02","date_gmt":"2020-03-18T20:51:02","guid":{"rendered":"http:\/\/lopescancado.adv.br\/?p=2622"},"modified":"2020-03-18T20:51:02","modified_gmt":"2020-03-18T20:51:02","slug":"covid-19-marco-aurelio-conclama-que-juizes-avaliem-situacao-de-presos-em-risco-e-pede-que-plenario-se-pronuncie","status":"publish","type":"post","link":"https:\/\/lopescancado.adv.br\/?p=2622","title":{"rendered":"Covid-19: Marco Aur\u00e9lio &#8220;conclama&#8221; que ju\u00edzes avaliem situa\u00e7\u00e3o de presos em risco e pede que plen\u00e1rio se pronuncie"},"content":{"rendered":"<p>Por questoes processuais, ministro do STF Marco Aur\u00e9lio negou seguimento a tutela provis\u00f3ria incidental formulado pelo IDDD &#8211; Instituto de Defesa do Direito de Defesa contra a Uni\u00e3o e Estados com pedido de provid\u00eancias urgentes ligadas aos presos que integram grupo de risco sobre o covid-19.<\/p>\n<p>Por outro lado, o ministro conclamou que ju\u00edzes de execu\u00e7\u00e3o\u00a0analisem com urg\u00eancia as provid\u00eancias sugeridas, &#8220;contando com o necess\u00e1rio apoio dos TJs e TRFs&#8221;.<\/p>\n<p>Encaminhou, por fim, o pedido ao presidente do Supremo, ministro Dias Toffoli, afirmando a necessidade de o Plen\u00e1rio se pronunciar.<\/p>\n<p><strong>O pedido<\/strong><\/p>\n<p>Em 2015, o pleno\u00a0<a href=\"https:\/\/www.migalhas.com.br\/quentes\/226607\/stf-determina-adocao-de-providencias-para-sanar-violacao-de-direitos-dos-presos\" target=\"_blank\" rel=\"noopener\">acolheu pedido<\/a>\u00a0de medida de urg\u00eancia em favor dos direitos fundamentais dos presos, consideradas falhas estruturais e fal\u00eancias de pol\u00edticas p\u00fablicas. \u00c0 \u00e9poca, Marcio Thomaz Bastos, \u00e0 frente do IDDD, pleiteou medida cautelar incidental objetivando a \u201cpreserva\u00e7\u00e3o da vida e da sa\u00fade da popula\u00e7\u00e3o carcer\u00e1ria e, por extens\u00e3o, da sociedade\u201d.<\/p>\n<p>Ante o recente decreto da OMS de pandemia e covid-19, e frisando o reduzido n\u00famero de m\u00e9dicos e leitos em unidades prisionais, o Instituto postulou, na mesma a\u00e7\u00e3o, liminar para que os ju\u00edzos competentes adotem provid\u00eancia cautelar no tocante \u00e0 popula\u00e7\u00e3o carcer\u00e1ria, observada a orienta\u00e7\u00e3o do Minist\u00e9rio da Sa\u00fade de segrega\u00e7\u00e3o por 14 dias, bem como que fosse analisada a possibilidade de deferimento de liberdade condicional daqueles presos que representam grupo de risco.<\/p>\n<p>O Instituto destacou que, na It\u00e1lia, a proibi\u00e7\u00e3o de visitas resultou em rebeli\u00f5es, fugas e mortes. J\u00e1 o Ir\u00e3 liberou temporariamente presos como medida contra a prolifera\u00e7\u00e3o da doen\u00e7a. Pontuou, ainda, a vulnerabilidade da popula\u00e7\u00e3o prisional.<\/p>\n<p><strong>Decis\u00e3o<\/strong><\/p>\n<p>Ao analisar o pedido, o ministro Marco Aur\u00e9lio observou ser impr\u00f3prio requerimento de terceiro interessado na tutela provis\u00f3ria incidental, cuja iniciativa \u00e9 exclusiva dos polos da a\u00e7\u00e3o, e que a jurisprud\u00eancia da Corte n\u00e3o poderia ser desrespeitada. Assim, negou seguimento ao pedido de tutela provis\u00f3ria incidental formulado pelo IDDD.<\/p>\n<p>Por outro lado, ante a \u201csitua\u00e7\u00e3o prec\u00e1ria e desumana dos pres\u00eddios\u201d, assentou a &#8220;conveni\u00eancia e necessidade&#8221; de o Plen\u00e1rio da Suprema Corte se pronunciar.<\/p>\n<p>De imediato, o ministro conclamou aos ju\u00edzos de execu\u00e7\u00e3o que analisem, ante a pandemia de covid-19, as provid\u00eancias sugeridas, contando com o necess\u00e1rio apoio dos TJs e TRFs.<\/p>\n<p>Tendo em conta a orienta\u00e7\u00e3o do Minist\u00e9rio da Sa\u00fade de segrega\u00e7\u00e3o por catorze dias, o ministro destacou as medidas processuais a serem, com urg\u00eancia maior, examinadas:<\/p>\n<p>a) liberdade condicional a encarcerados com idade igual ou superior a sessenta anos<\/p>\n<p>b) regime domiciliar aos soropositivos para HIV, diab\u00e9ticos, portadores de tuberculose, c\u00e2ncer, doen\u00e7as respirat\u00f3rias, card\u00edacas, imunodepressoras ou outras suscet\u00edveis de agravamento a partir do cont\u00e1gio pelo COVID-19;<\/p>\n<p>c) regime domiciliar \u00e0s gestantes e lactantes<\/p>\n<p>d) regime domiciliar a presos por crimes cometidos sem viol\u00eancia ou grave amea\u00e7a;<\/p>\n<p>e) substitui\u00e7\u00e3o da pris\u00e3o provis\u00f3ria por medida alternativa em raz\u00e3o de delitos praticados sem viol\u00eancia ou grave amea\u00e7a;<\/p>\n<p>f) medidas alternativas a presos em flagrante ante o cometimento de crimes sem viol\u00eancia ou grave amea\u00e7a;<\/p>\n<p>g) progress\u00e3o de pena a quem, atendido o crit\u00e9rio temporal, aguarda exame criminol\u00f3gico; e<\/p>\n<p>h) progress\u00e3o antecipada de pena a submetidos ao regime semiaberto.<\/p>\n<p>Por fim, remete o feito ao Tribunal Pleno para o referendo cab\u00edvel, remetendo-se c\u00f3pia da decis\u00e3o ao presidente, ministro Dias Toffoli.<\/p>\n<ul>\n<li>Processo: ADPF 347<\/li>\n<\/ul>\n<p>Veja a\u00a0<a href=\"https:\/\/www.migalhas.com.br\/arquivos\/2020\/3\/8C10250F22F3E1_decisaoTPIADPF347.pdf\" target=\"_blank\" rel=\"noopener\">decis\u00e3o<\/a>.<\/p>\n<p>Fonte:\u00a0https:\/\/www.migalhas.com.br\/quentes\/322032\/covid-19-marco-aurelio-conclama-que-juizes-avaliem-situacao-de-presos-em-risco-e-pede-que-plenario-se-pronuncie<\/p>\n","protected":false},"excerpt":{"rendered":"<p>Por questoes processuais, ministro do STF Marco Aur\u00e9lio negou seguimento a tutela provis\u00f3ria incidental formulado pelo IDDD &#8211; Instituto de Defesa do Direito de Defesa contra a Uni\u00e3o e Estados com pedido de provid\u00eancias urgentes ligadas aos presos que integram grupo de risco sobre o covid-19. Por outro lado, o ministro conclamou que ju\u00edzes de [&hellip;]<\/p>\n","protected":false},"author":1,"featured_media":2623,"comment_status":"open","ping_status":"open","sticky":false,"template":"","format":"standard","meta":{"footnotes":""},"categories":[4],"tags":[],"class_list":["post-2622","post","type-post","status-publish","format-standard","has-post-thumbnail","hentry","category-noticias"],"acf":[],"_links":{"self":[{"href":"https:\/\/lopescancado.adv.br\/index.php?rest_route=\/wp\/v2\/posts\/2622","targetHints":{"allow":["GET"]}}],"collection":[{"href":"https:\/\/lopescancado.adv.br\/index.php?rest_route=\/wp\/v2\/posts"}],"about":[{"href":"https:\/\/lopescancado.adv.br\/index.php?rest_route=\/wp\/v2\/types\/post"}],"author":[{"embeddable":true,"href":"https:\/\/lopescancado.adv.br\/index.php?rest_route=\/wp\/v2\/users\/1"}],"replies":[{"embeddable":true,"href":"https:\/\/lopescancado.adv.br\/index.php?rest_route=%2Fwp%2Fv2%2Fcomments&post=2622"}],"version-history":[{"count":0,"href":"https:\/\/lopescancado.adv.br\/index.php?rest_route=\/wp\/v2\/posts\/2622\/revisions"}],"wp:featuredmedia":[{"embeddable":true,"href":"https:\/\/lopescancado.adv.br\/index.php?rest_route=\/wp\/v2\/media\/2623"}],"wp:attachment":[{"href":"https:\/\/lopescancado.adv.br\/index.php?rest_route=%2Fwp%2Fv2%2Fmedia&parent=2622"}],"wp:term":[{"taxonomy":"category","embeddable":true,"href":"https:\/\/lopescancado.adv.br\/index.php?rest_route=%2Fwp%2Fv2%2Fcategories&post=2622"},{"taxonomy":"post_tag","embeddable":true,"href":"https:\/\/lopescancado.adv.br\/index.php?rest_route=%2Fwp%2Fv2%2Ftags&post=2622"}],"curies":[{"name":"wp","href":"https:\/\/api.w.org\/{rel}","templated":true}]}}