{"id":264,"date":"2012-07-01T00:30:53","date_gmt":"2012-07-01T00:30:53","guid":{"rendered":"http:\/\/lopescancado.adv.br\/blogger\/?p=264"},"modified":"2012-07-01T00:30:53","modified_gmt":"2012-07-01T00:30:53","slug":"tribunal-recua-e-libera-candidatos-contas-sujas","status":"publish","type":"post","link":"https:\/\/lopescancado.adv.br\/?p=264","title":{"rendered":"Tribunal recua e libera candidatos &#8216;contas sujas&#8217;"},"content":{"rendered":"<p><strong>Pol\u00edtico que teve conta de campanha reprovada pode disputar elei\u00e7\u00e3o.<\/strong><\/p>\n<p><strong>Em mar\u00e7o, TSE havia decidido que candidato sem aprova\u00e7\u00e3o ficaria ineleg\u00edvel at\u00e9 que termine a legislatura.<\/strong><\/p>\n<p>DE BRAS\u00cdLIA<\/p>\n<p>O TSE (Tribunal Superior Eleitoral) voltou atr\u00e1s e decidiu, por 4 votos a 3, que candidatos que tiveram as contas eleitorais reprovadas, os chamados &#8220;contas-sujas&#8221;, poder\u00e3o participar das elei\u00e7\u00f5es municipais deste ano.<\/p>\n<p>Em mar\u00e7o, a corte havia editado uma resolu\u00e7\u00e3o, dizendo que tais candidatos seriam ineleg\u00edveis.<\/p>\n<p>Ontem, o tribunal finalizou a an\u00e1lise sobre um pedido de reconsidera\u00e7\u00e3o feito pelo PT, acompanhado por 13 outros partidos, que havia sido interrompida na \u00faltima ter\u00e7a-feira, por um pedido de vista do ministro Jos\u00e9 Antonio Dias Toffoli, quando o placar estava empatado em 3 a 3.<\/p>\n<p>A mudan\u00e7a de orienta\u00e7\u00e3o aconteceu pois Toffoli entrou no lugar do colega Ricardo Lewandowski, que deixou a presid\u00eancia do tribunal e sua cadeira no TSE em abril. Ele havia votado pela inelegibilidade dos candidatos com contas eleitorais reprovadas.<\/p>\n<p>O voto de Toffoli, por\u00e9m, considerou que a legisla\u00e7\u00e3o eleitoral apenas determina que o candidato tem que apresentar suas contas de campanha para ficar quite com a Justi\u00e7a Eleitoral, n\u00e3o sendo necess\u00e1rio que elas sejam aprovadas.<\/p>\n<p>Ap\u00f3s disputar uma elei\u00e7\u00e3o, todo candidato tem obriga\u00e7\u00e3o de apresentar uma presta\u00e7\u00e3o de contas dos recursos arrecadados e gastos na campanha. Essas contas podem ser aprovadas ou reprovadas pelos tribunais eleitorais.<\/p>\n<p>A resolu\u00e7\u00e3o de mar\u00e7o foi aprovada por 4 votos a 3. O pedido de reconsidera\u00e7\u00e3o foi relatado pela ministra Nancy Andrighi, que havia votado a favor resolu\u00e7\u00e3o anterior.<\/p>\n<p>Segundo seu voto proferido na \u00faltima ter\u00e7a, os pol\u00edticos que n\u00e3o t\u00eam as contas aprovadas devem sofrer a mesma puni\u00e7\u00e3o dos que n\u00e3o apresentam as contas, ou seja, ficar ineleg\u00edvel at\u00e9 o fim da legislatura que disputou.<\/p>\n<p>&#8220;Todas as situa\u00e7\u00f5es de irregularidades na presta\u00e7\u00e3o de contas ter\u00e3o a mesma consequ\u00eancia ao candidato [ficar ineleg\u00edvel]&#8221;, disse Andrighi.<\/p>\n<p>Os ministros Marco Aur\u00e9lio Mello e C\u00e1rmen L\u00facia, presidente do tribunal, votaram com a relatora.<\/p>\n<p>&#8220;Penso que amanh\u00e3 a Justi\u00e7a Eleitoral ser\u00e1 excomungada pela opini\u00e3o p\u00fablica [se mudarmos a resolu\u00e7\u00e3o]. O tribunal est\u00e1 considerando o certo por errado&#8221;, disse o ministro Marco Aur\u00e9lio, tamb\u00e9m na \u00faltima sess\u00e3o.<\/p>\n<p><strong>(FELIPE SELIGMAN)<\/strong><\/p>\n","protected":false},"excerpt":{"rendered":"<p>Pol\u00edtico que teve conta de campanha reprovada pode disputar elei\u00e7\u00e3o. Em mar\u00e7o, TSE havia decidido que candidato sem aprova\u00e7\u00e3o ficaria ineleg\u00edvel at\u00e9 que termine a legislatura. DE BRAS\u00cdLIA O TSE (Tribunal Superior Eleitoral) voltou atr\u00e1s e decidiu, por 4 votos a 3, que candidatos que tiveram as contas eleitorais reprovadas, os chamados &#8220;contas-sujas&#8221;, poder\u00e3o participar [&hellip;]<\/p>\n","protected":false},"author":1,"featured_media":0,"comment_status":"open","ping_status":"open","sticky":false,"template":"","format":"standard","meta":{"footnotes":""},"categories":[4],"tags":[],"class_list":["post-264","post","type-post","status-publish","format-standard","hentry","category-noticias"],"acf":[],"_links":{"self":[{"href":"https:\/\/lopescancado.adv.br\/index.php?rest_route=\/wp\/v2\/posts\/264","targetHints":{"allow":["GET"]}}],"collection":[{"href":"https:\/\/lopescancado.adv.br\/index.php?rest_route=\/wp\/v2\/posts"}],"about":[{"href":"https:\/\/lopescancado.adv.br\/index.php?rest_route=\/wp\/v2\/types\/post"}],"author":[{"embeddable":true,"href":"https:\/\/lopescancado.adv.br\/index.php?rest_route=\/wp\/v2\/users\/1"}],"replies":[{"embeddable":true,"href":"https:\/\/lopescancado.adv.br\/index.php?rest_route=%2Fwp%2Fv2%2Fcomments&post=264"}],"version-history":[{"count":0,"href":"https:\/\/lopescancado.adv.br\/index.php?rest_route=\/wp\/v2\/posts\/264\/revisions"}],"wp:attachment":[{"href":"https:\/\/lopescancado.adv.br\/index.php?rest_route=%2Fwp%2Fv2%2Fmedia&parent=264"}],"wp:term":[{"taxonomy":"category","embeddable":true,"href":"https:\/\/lopescancado.adv.br\/index.php?rest_route=%2Fwp%2Fv2%2Fcategories&post=264"},{"taxonomy":"post_tag","embeddable":true,"href":"https:\/\/lopescancado.adv.br\/index.php?rest_route=%2Fwp%2Fv2%2Ftags&post=264"}],"curies":[{"name":"wp","href":"https:\/\/api.w.org\/{rel}","templated":true}]}}