{"id":2736,"date":"2020-04-17T00:09:03","date_gmt":"2020-04-17T00:09:03","guid":{"rendered":"http:\/\/lopescancado.adv.br\/?p=2629"},"modified":"2020-04-17T00:09:03","modified_gmt":"2020-04-17T00:09:03","slug":"por-crise-do-coronavirus-decisoes-judiciais-suspendem-alugueis","status":"publish","type":"post","link":"https:\/\/lopescancado.adv.br\/?p=2736","title":{"rendered":"Por crise do coronav\u00edrus, decis\u00f5es judiciais suspendem alugu\u00e9is"},"content":{"rendered":"<p>A vida dos brasileiros tem sido afetada financeiramente pela crise instaurada pela pandemia de coronav\u00edrus. Diante do grave contexto em que a economia sofre quedas bruscas, o Judici\u00e1rio tem sido acionado para lidar com quest\u00f5es envolvendo o pagamento de alugu\u00e9is e, em diversas decis\u00f5es, os pagamentos t\u00eam sido suspensos.<\/p>\n<ul>\n<li><strong>Aluguel em aeroporto<br \/>\n<\/strong><\/li>\n<\/ul>\n<p><em>Concess\u00e3o \/ Permiss\u00e3o \/ Autoriza\u00e7\u00e3o, Servi\u00e7os,\u00a0Direito Administrativo e outras mat\u00e9rias de Direito P\u00fablico,\u00a0Covid-19, Quest\u00f5es de alta complexidade, Grande impacto e Repercuss\u00e3o.\u00a0Deferido em parte o pedido de antecipa\u00e7\u00e3o dos efeitos da tutela. Pagamento do pre\u00e7o m\u00ednimo do aluguel.\u00a0<\/em><\/p>\n<p>Em Curitiba\/PR, o juiz Federal Friedmann Anderson Wendpap, da 1\u00aa vara de Curitiba\/PR, suspendeu o pagamento de alugu\u00e9is para a Infraero, referente \u00e0 loca\u00e7\u00e3o de espa\u00e7o comercial no aeroporto internacional Afonso Pena.<\/p>\n<p>Ao analisar o caso, o magistrado considerou que a empresa em quest\u00e3o, que pedia a suspens\u00e3o do pagamento \u00e0 Infraero, est\u00e1 inserida no conjunto de empresas com maior vulnerabilidade financeira diante da paralisa\u00e7\u00e3o for\u00e7ada da economia como ora ocorre. Segundo ele, as microempresas possuem relativamente pequeno capital de giro e fluxo de caixa com pequena autonomia para funcionamento sem receitas.<\/p>\n<p>A determina\u00e7\u00e3o vale at\u00e9 o fim do estado de calamidade p\u00fablica.<\/p>\n<p>Veja a\u00a0<a href=\"https:\/\/www.migalhas.com.br\/quentes\/323932\/loja-em-aeroporto-consegue-suspender-alugueis-durante-pandemia\">decis\u00e3o<\/a>.<\/p>\n<ul>\n<li><strong>Lojas em shopping<\/strong><\/li>\n<\/ul>\n<p><em>Tutela Cautelar Antecedente \/ Liminar \/ Direito C\u00edvel \/\u00a0<\/em><em>Suspens\u00e3o da exigibilidade de todas as obriga\u00e7\u00f5es pecuni\u00e1rias decorrentes do contrato de loca\u00e7\u00e3o firmado com a parte r\u00e9 \/ Suspens\u00e3o pode ser prorrogada caso comprovada a instabilidade decorrente da pandemia ou impossibilidade de ingresso no centro comercial.<\/em><\/p>\n<p>A ju\u00edza de Direito Bruna Marchese e Silva, da 8\u00aa vara C\u00edvel de Campinas\/SP, suspendeu pagamento, por restaurante localizado em pra\u00e7a de alimenta\u00e7\u00e3o de shopping, do aluguel mensal m\u00ednimo e fundo de promo\u00e7\u00e3o e propaganda.<\/p>\n<p>A suspens\u00e3o do pagamento vale enquanto a determina\u00e7\u00e3o de fechamento dos shoppings em raz\u00e3o da pandemia permanecer.<\/p>\n<p>Veja a\u00a0<a href=\"https:\/\/www.migalhas.com.br\/quentes\/323379\/lojista-nao-pagara-aluguel-mensal-minimo-e-fundo-de-propaganda-enquanto-shopping-estiver-fechado\">decis\u00e3o<\/a>.<\/p>\n<p><em>Tutela Cautelar Antecedente \/ Direito Contratual \/ Suspens\u00e3o da exigibilidade de todas as obriga\u00e7\u00f5es pecuni\u00e1rias do Contrato de Loca\u00e7\u00e3o \/\u00a0<\/em><em>Deferido em parte o pedido de antecipa\u00e7\u00e3o dos efeitos da tutela para\u00a0<\/em><em>suspender parte do contrato de loca\u00e7\u00e3o entre as partes \/ Mant\u00e9m em pleno vigor as demais disposi\u00e7\u00f5es contratuais.<\/em><\/p>\n<p>Decis\u00e3o semelhante aconteceu no DF. Pela mesma motiva\u00e7\u00e3o, o juiz de Direito Julio Roberto dos Reis, da 25\u00aa vara C\u00edvel de Bras\u00edlia\/DF, autorizou que lojista suspenda o pagamento de aluguel m\u00ednimo e do fundo de promo\u00e7\u00e3o e propaganda ao shopping enquanto perdurarem as medidas de restri\u00e7\u00e3o<\/p>\n<p>Veja a\u00a0<a href=\"https:\/\/www.migalhas.com.br\/quentes\/323111\/lojista-consegue-suspender-pagamento-de-aluguel-minimo-e-do-fundo-de-promocao-e-propaganda\">decis\u00e3o<\/a>.<\/p>\n<p>No Rio de Janeiro, o desembargador Fernando Cerqueira Chagas, da 11\u00aa C\u00e2mara C\u00edvel do TJ\/RJ deferiu tutela recursal no sentido de determinar a redu\u00e7\u00e3o dos valores devidos \u00e0 locadora a t\u00edtulo de garantia de aluguel m\u00ednimo. Foi determinado o pagamento de 30% do aluguel comercial em Shopping Center, tamb\u00e9m se estendendo a cota condominial e fundo de promo\u00e7\u00e3o e propaganda.<\/p>\n<p>Processo: 0022449-49.2020.8.19.0000<\/p>\n<p>Veja a\u00a0<a href=\"https:\/\/www.migalhas.com.br\/arquivos\/2020\/4\/D1FF75185E026B_Decisaotjrj_.pdf\" target=\"_blank\" rel=\"noopener\">decis\u00e3o<\/a>.<\/p>\n<ul>\n<li><strong>Aluguel comercial<\/strong><\/li>\n<\/ul>\n<p><em>Antecipa\u00e7\u00e3o de tutela\/ Aluguel comercial \/ Suspens\u00e3o de in\u00fameras atividades presenciais \/ Impacto econ\u00f4mico \/ Reequil\u00edbrio da contratual \/ Acordo.<\/em><\/p>\n<p>O juiz de Direito Paulo Guilherme Amaral Toledo, de S\u00e3o Paulo\/SP, deferiu a antecipa\u00e7\u00e3o de tutela para reduzir em 50% o valor do aluguel de uma empresa. A redu\u00e7\u00e3o dever\u00e1 perdurar at\u00e9 trinta dias ap\u00f3s o t\u00e9rmino do prazo de suspens\u00e3o compuls\u00f3ria das atividades da empresa autora.<\/p>\n<p>Veja a\u00a0<a href=\"https:\/\/www.migalhas.com.br\/arquivos\/2020\/4\/0B46B2266120EB_decisao__.pdf\" target=\"_blank\" rel=\"noopener\">decis\u00e3o<\/a>.<\/p>\n<ul>\n<li>\u00a0<strong>Escrit\u00f3rio de advocacia<\/strong><\/li>\n<\/ul>\n<p><em>Agravo de Instrumento \/ Revisional de Alugu\u00e9is \/ Escrit\u00f3rio de Advocacia \/ Pandemia COVID-19 \/ Atua\u00e7\u00e3o do Judici\u00e1rio \/ Parcim\u00f4nia \/ Deferimento Parcial da Antecipa\u00e7\u00e3o dos Efeitos da Tutela\u00a0Recursal.<\/em><\/p>\n<p>Um escrit\u00f3rio de advocacia do DF conseguiu a redu\u00e7\u00e3o de aluguel. A determina\u00e7\u00e3o foi do desembargador Eust\u00e1quio de Castro, do TJ\/DF, ao determinar a redu\u00e7\u00e3o do valor do aluguel de um escrit\u00f3rio de advocacia de R$ 2 mil para R$ 1,3 mil mensais, referente aos meses de mar\u00e7o, abril e maio de 2020.<\/p>\n<p>Veja a\u00a0<a href=\"https:\/\/www.migalhas.com.br\/quentes\/323693\/escritorio-de-advocacia-consegue-reducao-de-aluguel-ate-maio\">decis\u00e3o<\/a>.<\/p>\n<ul>\n<li><strong>Restaurante<\/strong><\/li>\n<\/ul>\n<p><em>Tutela Cautelar Antecedente \/ Direito Civil \/ Autor teve reduzidos as suas atividades e rendimentos, tornando-se excessivo o valor do aluguel originalmente contratado \/ Deferida tutela de urg\u00eancia.<\/em><\/p>\n<p>O juiz de Direito Fernando Henrique de Oliveira Biolcati, da 22\u00aa vara C\u00edvel de SP, deferiu liminar e determinou a redu\u00e7\u00e3o no valor do aluguel pago por restaurante.<\/p>\n<p>De acordo com o magistrado, a pandemia far\u00e1 todos experimentarem preju\u00edzo econ\u00f4mico, principalmente no meio privado.<\/p>\n<p>Veja a\u00a0<a href=\"https:\/\/www.migalhas.com.br\/quentes\/323789\/restaurante-pagara-30-do-aluguel-durante-pandemia\" target=\"_blank\" rel=\"noopener\">decis\u00e3o<\/a>.<\/p>\n<ul>\n<li><strong>Ag\u00eancia de turismo<\/strong><\/li>\n<\/ul>\n<p><em>A\u00e7\u00e3o revisional de aluguel com pedido de tutela provis\u00f3ria de urg\u00eancia \/ Direito C\u00edvel \/\u00a0\u00a0Queda exorbitante na circula\u00e7\u00e3o de clientes em bares, restaurantes, shoppings centers e no com\u00e9rcio em geral \/ Queda de faturamento da empresa.<\/em><\/p>\n<p>O juiz de Direito Mario Chiuvite J\u00fanior, de S\u00e3o Paulo\/SP, deferiu tutela provis\u00f3ria de urg\u00eancia para determinar a suspens\u00e3o do aluguel de uma ag\u00eancia de turismo. Com a decis\u00e3o, a locat\u00e1ria dever\u00e1 se abster de inscrever o nome da autora e dos seus fiadores nos \u00f3rg\u00e3os de prote\u00e7\u00e3o ao cr\u00e9dito e suspender a cobran\u00e7a de alugu\u00e9is at\u00e9 perdurar os efeitos da pandemia.<\/p>\n<p>O magistrado tamb\u00e9m determinou a suspens\u00e3o do fundo de promo\u00e7\u00e3o at\u00e9 dezembro de 2020 e isen\u00e7\u00e3o da cobran\u00e7a do 13\u00ba aluguel. Al\u00e9m disso, o locat\u00e1rio dever\u00e1 cobrar proporcionalmente o condom\u00ednio enquanto perdurar o fechamento do shopping, sob pena de multa di\u00e1ria de R$ 3 mil.<\/p>\n<p>Processo: 1030378-15.2020.8.26.0100<\/p>\n<p>Veja a\u00a0<a href=\"https:\/\/www.migalhas.com.br\/arquivos\/2020\/4\/3643E3B44E4094_TutelaConcedida__.pdf\" target=\"_blank\" rel=\"noopener\">decis\u00e3o<\/a>.<\/p>\n<p>Fonte:\u00a0https:\/\/www.migalhas.com.br\/quentes\/324677\/por-crise-do-coronavirus-decisoes-judiciais-suspendem-alugueis<\/p>\n","protected":false},"excerpt":{"rendered":"<p>A vida dos brasileiros tem sido afetada financeiramente pela crise instaurada pela pandemia de coronav\u00edrus. Diante do grave contexto em que a economia sofre quedas bruscas, o Judici\u00e1rio tem sido acionado para lidar com quest\u00f5es envolvendo o pagamento de alugu\u00e9is e, em diversas decis\u00f5es, os pagamentos t\u00eam sido suspensos. Aluguel em aeroporto Concess\u00e3o \/ Permiss\u00e3o [&hellip;]<\/p>\n","protected":false},"author":1,"featured_media":2632,"comment_status":"open","ping_status":"open","sticky":false,"template":"","format":"standard","meta":{"footnotes":""},"categories":[4],"tags":[],"class_list":["post-2736","post","type-post","status-publish","format-standard","has-post-thumbnail","hentry","category-noticias"],"acf":[],"_links":{"self":[{"href":"https:\/\/lopescancado.adv.br\/index.php?rest_route=\/wp\/v2\/posts\/2736","targetHints":{"allow":["GET"]}}],"collection":[{"href":"https:\/\/lopescancado.adv.br\/index.php?rest_route=\/wp\/v2\/posts"}],"about":[{"href":"https:\/\/lopescancado.adv.br\/index.php?rest_route=\/wp\/v2\/types\/post"}],"author":[{"embeddable":true,"href":"https:\/\/lopescancado.adv.br\/index.php?rest_route=\/wp\/v2\/users\/1"}],"replies":[{"embeddable":true,"href":"https:\/\/lopescancado.adv.br\/index.php?rest_route=%2Fwp%2Fv2%2Fcomments&post=2736"}],"version-history":[{"count":0,"href":"https:\/\/lopescancado.adv.br\/index.php?rest_route=\/wp\/v2\/posts\/2736\/revisions"}],"wp:featuredmedia":[{"embeddable":true,"href":"https:\/\/lopescancado.adv.br\/index.php?rest_route=\/wp\/v2\/media\/2632"}],"wp:attachment":[{"href":"https:\/\/lopescancado.adv.br\/index.php?rest_route=%2Fwp%2Fv2%2Fmedia&parent=2736"}],"wp:term":[{"taxonomy":"category","embeddable":true,"href":"https:\/\/lopescancado.adv.br\/index.php?rest_route=%2Fwp%2Fv2%2Fcategories&post=2736"},{"taxonomy":"post_tag","embeddable":true,"href":"https:\/\/lopescancado.adv.br\/index.php?rest_route=%2Fwp%2Fv2%2Ftags&post=2736"}],"curies":[{"name":"wp","href":"https:\/\/api.w.org\/{rel}","templated":true}]}}