{"id":4213,"date":"2023-10-30T12:57:21","date_gmt":"2023-10-30T15:57:21","guid":{"rendered":"https:\/\/lopescancado.adv.br\/?p=4213"},"modified":"2023-10-30T12:57:24","modified_gmt":"2023-10-30T15:57:24","slug":"pai-de-gemeos-consegue-na-justica-licenca-paternidade-de-180-dias","status":"publish","type":"post","link":"https:\/\/lopescancado.adv.br\/?p=4213","title":{"rendered":"Pai de g\u00eameos consegue na Justi\u00e7a licen\u00e7a-paternidade de 180 dias"},"content":{"rendered":"\n<figure class=\"wp-block-gallery has-nested-images columns-default is-cropped wp-block-gallery-1 is-layout-flex wp-block-gallery-is-layout-flex\">\n<figure class=\"wp-block-image size-large\"><img loading=\"lazy\" decoding=\"async\" width=\"689\" height=\"458\" data-id=\"4214\" src=\"https:\/\/lopescancado.adv.br\/wp-content\/uploads\/2023\/10\/Captura-de-tela-2023-10-30-125315.png\" alt=\"\" class=\"wp-image-4214\" srcset=\"https:\/\/lopescancado.adv.br\/wp-content\/uploads\/2023\/10\/Captura-de-tela-2023-10-30-125315.png 689w, https:\/\/lopescancado.adv.br\/wp-content\/uploads\/2023\/10\/Captura-de-tela-2023-10-30-125315-300x199.png 300w\" sizes=\"auto, (max-width: 689px) 100vw, 689px\" \/><\/figure>\n<\/figure>\n\n\n\n<p>Um servidor p\u00fablico de Santa Catarina conseguiu na Justi\u00e7a estender sua licen\u00e7a-paternidade para 180 dias devido ao nascimento de g\u00eameos prematuros que precisaram de cuidados especiais. Inicialmente, o pedido foi negado em primeira inst\u00e2ncia, mas uma inst\u00e2ncia superior reverteu a decis\u00e3o. O juiz argumentou que, em casos excepcionais, o princ\u00edpio da legalidade deve ser interpretado \u00e0 luz da Constitui\u00e7\u00e3o para garantir princ\u00edpios como a igualdade de g\u00eanero.<\/p>\n\n\n\n<p>O magistrado ressaltou a import\u00e2ncia de proteger o desenvolvimento saud\u00e1vel das crian\u00e7as e destacou as mudan\u00e7as nos pap\u00e9is familiares, com os pais desempenhando um papel mais ativo nos primeiros meses de vida de seus filhos. O caso tamb\u00e9m mencionou a tend\u00eancia internacional de licen\u00e7as parentais conjuntas, que permite aos pais decidirem como compartilhar o benef\u00edcio.<\/p>\n\n\n\n<p>No Brasil, est\u00e1 em discuss\u00e3o um projeto de lei para modificar a licen\u00e7a-paternidade. Essa decis\u00e3o demonstra a crescente import\u00e2ncia da igualdade de g\u00eanero e da adapta\u00e7\u00e3o das leis \u00e0 evolu\u00e7\u00e3o dos modelos familiares.<\/p>\n","protected":false},"excerpt":{"rendered":"<p>Um servidor p\u00fablico de Santa Catarina conseguiu na Justi\u00e7a estender sua licen\u00e7a-paternidade para 180 dias devido ao nascimento de g\u00eameos prematuros que precisaram de cuidados especiais. Inicialmente, o pedido foi negado em primeira inst\u00e2ncia, mas uma inst\u00e2ncia superior reverteu a decis\u00e3o. O juiz argumentou que, em casos excepcionais, o princ\u00edpio da legalidade deve ser interpretado [&hellip;]<\/p>\n","protected":false},"author":4,"featured_media":0,"comment_status":"open","ping_status":"open","sticky":false,"template":"","format":"standard","meta":{"footnotes":""},"categories":[1],"tags":[],"class_list":["post-4213","post","type-post","status-publish","format-standard","hentry","category-uncategorized"],"acf":[],"_links":{"self":[{"href":"https:\/\/lopescancado.adv.br\/index.php?rest_route=\/wp\/v2\/posts\/4213","targetHints":{"allow":["GET"]}}],"collection":[{"href":"https:\/\/lopescancado.adv.br\/index.php?rest_route=\/wp\/v2\/posts"}],"about":[{"href":"https:\/\/lopescancado.adv.br\/index.php?rest_route=\/wp\/v2\/types\/post"}],"author":[{"embeddable":true,"href":"https:\/\/lopescancado.adv.br\/index.php?rest_route=\/wp\/v2\/users\/4"}],"replies":[{"embeddable":true,"href":"https:\/\/lopescancado.adv.br\/index.php?rest_route=%2Fwp%2Fv2%2Fcomments&post=4213"}],"version-history":[{"count":1,"href":"https:\/\/lopescancado.adv.br\/index.php?rest_route=\/wp\/v2\/posts\/4213\/revisions"}],"predecessor-version":[{"id":4215,"href":"https:\/\/lopescancado.adv.br\/index.php?rest_route=\/wp\/v2\/posts\/4213\/revisions\/4215"}],"wp:attachment":[{"href":"https:\/\/lopescancado.adv.br\/index.php?rest_route=%2Fwp%2Fv2%2Fmedia&parent=4213"}],"wp:term":[{"taxonomy":"category","embeddable":true,"href":"https:\/\/lopescancado.adv.br\/index.php?rest_route=%2Fwp%2Fv2%2Fcategories&post=4213"},{"taxonomy":"post_tag","embeddable":true,"href":"https:\/\/lopescancado.adv.br\/index.php?rest_route=%2Fwp%2Fv2%2Ftags&post=4213"}],"curies":[{"name":"wp","href":"https:\/\/api.w.org\/{rel}","templated":true}]}}