{"id":4228,"date":"2023-10-30T13:20:43","date_gmt":"2023-10-30T16:20:43","guid":{"rendered":"https:\/\/lopescancado.adv.br\/?p=4228"},"modified":"2023-10-30T13:20:45","modified_gmt":"2023-10-30T16:20:45","slug":"condenacao-por-violencia-contra-a-mulher-e-nomeacao-a-cargos-publicos","status":"publish","type":"post","link":"https:\/\/lopescancado.adv.br\/?p=4228","title":{"rendered":"Condena\u00e7\u00e3o por viol\u00eancia contra a mulher e nomea\u00e7\u00e3o a cargos p\u00fablicos"},"content":{"rendered":"\n<figure class=\"wp-block-image size-full\"><img loading=\"lazy\" decoding=\"async\" width=\"677\" height=\"448\" src=\"https:\/\/lopescancado.adv.br\/wp-content\/uploads\/2023\/10\/Captura-de-tela-2023-10-30-131921.png\" alt=\"\" class=\"wp-image-4229\" srcset=\"https:\/\/lopescancado.adv.br\/wp-content\/uploads\/2023\/10\/Captura-de-tela-2023-10-30-131921.png 677w, https:\/\/lopescancado.adv.br\/wp-content\/uploads\/2023\/10\/Captura-de-tela-2023-10-30-131921-300x199.png 300w\" sizes=\"auto, (max-width: 677px) 100vw, 677px\" \/><\/figure>\n\n\n\n<p>O Supremo Tribunal Federal, atrav\u00e9s do ministro Edson Fachin, decidiu a favor da constitucionalidade da lei de Valinhos (SP) que pro\u00edbe a nomea\u00e7\u00e3o de pessoas condenadas pela Lei Maria da Penha para cargos p\u00fablicos. A decis\u00e3o contraria o Tribunal de Justi\u00e7a de S\u00e3o Paulo, que alegava viola\u00e7\u00e3o da separa\u00e7\u00e3o de Poderes. Fachin destacou que a lei busca promover a moralidade administrativa, alinhando-se aos princ\u00edpios constitucionais, e citou jurisprud\u00eancia que respalda a iniciativa legislativa nesse contexto.<\/p>\n","protected":false},"excerpt":{"rendered":"<p>O Supremo Tribunal Federal, atrav\u00e9s do ministro Edson Fachin, decidiu a favor da constitucionalidade da lei de Valinhos (SP) que pro\u00edbe a nomea\u00e7\u00e3o de pessoas condenadas pela Lei Maria da Penha para cargos p\u00fablicos. A decis\u00e3o contraria o Tribunal de Justi\u00e7a de S\u00e3o Paulo, que alegava viola\u00e7\u00e3o da separa\u00e7\u00e3o de Poderes. Fachin destacou que a [&hellip;]<\/p>\n","protected":false},"author":4,"featured_media":0,"comment_status":"open","ping_status":"open","sticky":false,"template":"","format":"standard","meta":{"footnotes":""},"categories":[1],"tags":[],"class_list":["post-4228","post","type-post","status-publish","format-standard","hentry","category-uncategorized"],"acf":[],"_links":{"self":[{"href":"https:\/\/lopescancado.adv.br\/index.php?rest_route=\/wp\/v2\/posts\/4228","targetHints":{"allow":["GET"]}}],"collection":[{"href":"https:\/\/lopescancado.adv.br\/index.php?rest_route=\/wp\/v2\/posts"}],"about":[{"href":"https:\/\/lopescancado.adv.br\/index.php?rest_route=\/wp\/v2\/types\/post"}],"author":[{"embeddable":true,"href":"https:\/\/lopescancado.adv.br\/index.php?rest_route=\/wp\/v2\/users\/4"}],"replies":[{"embeddable":true,"href":"https:\/\/lopescancado.adv.br\/index.php?rest_route=%2Fwp%2Fv2%2Fcomments&post=4228"}],"version-history":[{"count":1,"href":"https:\/\/lopescancado.adv.br\/index.php?rest_route=\/wp\/v2\/posts\/4228\/revisions"}],"predecessor-version":[{"id":4230,"href":"https:\/\/lopescancado.adv.br\/index.php?rest_route=\/wp\/v2\/posts\/4228\/revisions\/4230"}],"wp:attachment":[{"href":"https:\/\/lopescancado.adv.br\/index.php?rest_route=%2Fwp%2Fv2%2Fmedia&parent=4228"}],"wp:term":[{"taxonomy":"category","embeddable":true,"href":"https:\/\/lopescancado.adv.br\/index.php?rest_route=%2Fwp%2Fv2%2Fcategories&post=4228"},{"taxonomy":"post_tag","embeddable":true,"href":"https:\/\/lopescancado.adv.br\/index.php?rest_route=%2Fwp%2Fv2%2Ftags&post=4228"}],"curies":[{"name":"wp","href":"https:\/\/api.w.org\/{rel}","templated":true}]}}