{"id":4253,"date":"2023-12-06T14:31:50","date_gmt":"2023-12-06T17:31:50","guid":{"rendered":"https:\/\/lopescancado.adv.br\/?p=4253"},"modified":"2023-12-06T14:31:52","modified_gmt":"2023-12-06T17:31:52","slug":"stf-nega-vinculo-empregaticio-entre-motorista-e-app-de-transporte","status":"publish","type":"post","link":"https:\/\/lopescancado.adv.br\/?p=4253","title":{"rendered":"STF nega v\u00ednculo empregat\u00edcio entre motorista e app de transporte"},"content":{"rendered":"\n<figure class=\"wp-block-image size-full\"><img loading=\"lazy\" decoding=\"async\" width=\"686\" height=\"459\" src=\"https:\/\/lopescancado.adv.br\/wp-content\/uploads\/2023\/12\/Captura-de-tela-2023-12-06-124807.png\" alt=\"\" class=\"wp-image-4254\" srcset=\"https:\/\/lopescancado.adv.br\/wp-content\/uploads\/2023\/12\/Captura-de-tela-2023-12-06-124807.png 686w, https:\/\/lopescancado.adv.br\/wp-content\/uploads\/2023\/12\/Captura-de-tela-2023-12-06-124807-300x201.png 300w\" sizes=\"auto, (max-width: 686px) 100vw, 686px\" \/><\/figure>\n\n\n\n<p>    A Primeira Turma do Supremo Tribunal Federal (STF) decidiu de forma un\u00e2nime que n\u00e3o existe v\u00ednculo de emprego entre motoristas de aplicativos e as plataformas, enfatizando a autonomia dos motoristas para aceitar corridas e a n\u00e3o exclusividade da rela\u00e7\u00e3o. <br>    <br>      O ministro Alexandre de Moraes sublinhou a import\u00e2ncia desse novo modelo de trabalho para o aumento de oportunidades de emprego e renda. Al\u00e9m disso, o STF expressou inquieta\u00e7\u00e3o diante da resist\u00eancia da Justi\u00e7a do Trabalho em acatar suas decis\u00f5es e destacou a necessidade de tomar medidas.<br>   <br>    A ministra C\u00e1rmen L\u00facia salientou a preocupa\u00e7\u00e3o com os trabalhadores &#8220;uberizados&#8221; e a aus\u00eancia de um sistema espec\u00edfico para esse grupo, indicando potenciais problemas sociais e previdenci\u00e1rios no futuro.<\/p>\n","protected":false},"excerpt":{"rendered":"<p>A Primeira Turma do Supremo Tribunal Federal (STF) decidiu de forma un\u00e2nime que n\u00e3o existe v\u00ednculo de emprego entre motoristas de aplicativos e as plataformas, enfatizando a autonomia dos motoristas para aceitar corridas e a n\u00e3o exclusividade da rela\u00e7\u00e3o. O ministro Alexandre de Moraes sublinhou a import\u00e2ncia desse novo modelo de trabalho para o aumento [&hellip;]<\/p>\n","protected":false},"author":4,"featured_media":0,"comment_status":"open","ping_status":"open","sticky":false,"template":"","format":"standard","meta":{"footnotes":""},"categories":[1],"tags":[],"class_list":["post-4253","post","type-post","status-publish","format-standard","hentry","category-uncategorized"],"acf":[],"_links":{"self":[{"href":"https:\/\/lopescancado.adv.br\/index.php?rest_route=\/wp\/v2\/posts\/4253","targetHints":{"allow":["GET"]}}],"collection":[{"href":"https:\/\/lopescancado.adv.br\/index.php?rest_route=\/wp\/v2\/posts"}],"about":[{"href":"https:\/\/lopescancado.adv.br\/index.php?rest_route=\/wp\/v2\/types\/post"}],"author":[{"embeddable":true,"href":"https:\/\/lopescancado.adv.br\/index.php?rest_route=\/wp\/v2\/users\/4"}],"replies":[{"embeddable":true,"href":"https:\/\/lopescancado.adv.br\/index.php?rest_route=%2Fwp%2Fv2%2Fcomments&post=4253"}],"version-history":[{"count":4,"href":"https:\/\/lopescancado.adv.br\/index.php?rest_route=\/wp\/v2\/posts\/4253\/revisions"}],"predecessor-version":[{"id":4258,"href":"https:\/\/lopescancado.adv.br\/index.php?rest_route=\/wp\/v2\/posts\/4253\/revisions\/4258"}],"wp:attachment":[{"href":"https:\/\/lopescancado.adv.br\/index.php?rest_route=%2Fwp%2Fv2%2Fmedia&parent=4253"}],"wp:term":[{"taxonomy":"category","embeddable":true,"href":"https:\/\/lopescancado.adv.br\/index.php?rest_route=%2Fwp%2Fv2%2Fcategories&post=4253"},{"taxonomy":"post_tag","embeddable":true,"href":"https:\/\/lopescancado.adv.br\/index.php?rest_route=%2Fwp%2Fv2%2Ftags&post=4253"}],"curies":[{"name":"wp","href":"https:\/\/api.w.org\/{rel}","templated":true}]}}