{"id":4350,"date":"2024-04-03T09:30:54","date_gmt":"2024-04-03T12:30:54","guid":{"rendered":"https:\/\/lopescancado.adv.br\/?p=4350"},"modified":"2024-04-03T13:44:00","modified_gmt":"2024-04-03T16:44:00","slug":"4350","status":"publish","type":"post","link":"https:\/\/lopescancado.adv.br\/?p=4350","title":{"rendered":""},"content":{"rendered":"\n<h2 class=\"wp-block-heading\">Senten\u00e7a que diferencia produtos ou servi\u00e7os de outros que sejam semelhantes.<\/h2>\n\n\n\n<figure class=\"wp-block-image size-large\"><img loading=\"lazy\" decoding=\"async\" width=\"1024\" height=\"1024\" src=\"https:\/\/lopescancado.adv.br\/wp-content\/uploads\/2024\/04\/LOPES-CANCADO-ADV-1080-x-1080-px-1024x1024.jpg\" alt=\"\" class=\"wp-image-4351\" srcset=\"https:\/\/lopescancado.adv.br\/wp-content\/uploads\/2024\/04\/LOPES-CANCADO-ADV-1080-x-1080-px-1024x1024.jpg 1024w, https:\/\/lopescancado.adv.br\/wp-content\/uploads\/2024\/04\/LOPES-CANCADO-ADV-1080-x-1080-px-300x300.jpg 300w, https:\/\/lopescancado.adv.br\/wp-content\/uploads\/2024\/04\/LOPES-CANCADO-ADV-1080-x-1080-px-150x150.jpg 150w, https:\/\/lopescancado.adv.br\/wp-content\/uploads\/2024\/04\/LOPES-CANCADO-ADV-1080-x-1080-px-768x768.jpg 768w, https:\/\/lopescancado.adv.br\/wp-content\/uploads\/2024\/04\/LOPES-CANCADO-ADV-1080-x-1080-px-1536x1536.jpg 1536w, https:\/\/lopescancado.adv.br\/wp-content\/uploads\/2024\/04\/LOPES-CANCADO-ADV-1080-x-1080-px-2048x2048.jpg 2048w\" sizes=\"auto, (max-width: 1024px) 100vw, 1024px\" \/><\/figure>\n\n\n\n<p>O juiz Pedro Rios Carneiro, da 2\u00aa Vara C\u00edvel de Videira, em Santa Catarina, determinou que o uso do termo &#8220;ecol\u00f3gica&#8221; n\u00e3o viola os direitos da marca &#8220;eco-l\u00f3gica&#8221; de uma empresa concorrente. Considerou a palavra comum, especialmente em atividades ambientais, e notou que as empresas envolvidas atuam em Estados diferentes. A empresa autora defendeu seu direito de usar o termo, destacando a dist\u00e2ncia entre as sedes, a coexist\u00eancia tranquila das marcas e a falta de confus\u00e3o entre <a><\/a>os consumidores. O juiz confirmou a legitimidade do uso do termo pela autora, sem preju\u00edzo para a concorrente, permitindo sua continuidade.<\/p>\n\n\n\n<p>Processo: 5004929-36.2022.8.24.0079<\/p>\n","protected":false},"excerpt":{"rendered":"<p>Senten\u00e7a que diferencia produtos ou servi\u00e7os de outros que sejam semelhantes. O juiz Pedro Rios Carneiro, da 2\u00aa Vara C\u00edvel de Videira, em Santa Catarina, determinou que o uso do termo &#8220;ecol\u00f3gica&#8221; n\u00e3o viola os direitos da marca &#8220;eco-l\u00f3gica&#8221; de uma empresa concorrente. Considerou a palavra comum, especialmente em atividades ambientais, e notou que as [&hellip;]<\/p>\n","protected":false},"author":3,"featured_media":0,"comment_status":"open","ping_status":"open","sticky":false,"template":"","format":"standard","meta":{"footnotes":""},"categories":[1],"tags":[],"class_list":["post-4350","post","type-post","status-publish","format-standard","hentry","category-uncategorized"],"acf":[],"_links":{"self":[{"href":"https:\/\/lopescancado.adv.br\/index.php?rest_route=\/wp\/v2\/posts\/4350","targetHints":{"allow":["GET"]}}],"collection":[{"href":"https:\/\/lopescancado.adv.br\/index.php?rest_route=\/wp\/v2\/posts"}],"about":[{"href":"https:\/\/lopescancado.adv.br\/index.php?rest_route=\/wp\/v2\/types\/post"}],"author":[{"embeddable":true,"href":"https:\/\/lopescancado.adv.br\/index.php?rest_route=\/wp\/v2\/users\/3"}],"replies":[{"embeddable":true,"href":"https:\/\/lopescancado.adv.br\/index.php?rest_route=%2Fwp%2Fv2%2Fcomments&post=4350"}],"version-history":[{"count":2,"href":"https:\/\/lopescancado.adv.br\/index.php?rest_route=\/wp\/v2\/posts\/4350\/revisions"}],"predecessor-version":[{"id":4355,"href":"https:\/\/lopescancado.adv.br\/index.php?rest_route=\/wp\/v2\/posts\/4350\/revisions\/4355"}],"wp:attachment":[{"href":"https:\/\/lopescancado.adv.br\/index.php?rest_route=%2Fwp%2Fv2%2Fmedia&parent=4350"}],"wp:term":[{"taxonomy":"category","embeddable":true,"href":"https:\/\/lopescancado.adv.br\/index.php?rest_route=%2Fwp%2Fv2%2Fcategories&post=4350"},{"taxonomy":"post_tag","embeddable":true,"href":"https:\/\/lopescancado.adv.br\/index.php?rest_route=%2Fwp%2Fv2%2Ftags&post=4350"}],"curies":[{"name":"wp","href":"https:\/\/api.w.org\/{rel}","templated":true}]}}