{"id":4365,"date":"2024-04-12T14:37:38","date_gmt":"2024-04-12T17:37:38","guid":{"rendered":"https:\/\/lopescancado.adv.br\/?p=4365"},"modified":"2024-04-12T14:37:41","modified_gmt":"2024-04-12T17:37:41","slug":"4365","status":"publish","type":"post","link":"https:\/\/lopescancado.adv.br\/?p=4365","title":{"rendered":""},"content":{"rendered":"\n<h2 class=\"wp-block-heading\">A l\u00f3gica distorcida do programa &#8220;Novo Socioeducativo&#8221;.<\/h2>\n\n\n\n<figure class=\"wp-block-gallery has-nested-images columns-default is-cropped wp-block-gallery-1 is-layout-flex wp-block-gallery-is-layout-flex\">\n<figure class=\"wp-block-image size-large\"><img loading=\"lazy\" decoding=\"async\" width=\"1024\" height=\"1024\" data-id=\"4366\" src=\"https:\/\/lopescancado.adv.br\/wp-content\/uploads\/2024\/04\/8-1-1024x1024.jpg\" alt=\"\" class=\"wp-image-4366\" srcset=\"https:\/\/lopescancado.adv.br\/wp-content\/uploads\/2024\/04\/8-1-1024x1024.jpg 1024w, https:\/\/lopescancado.adv.br\/wp-content\/uploads\/2024\/04\/8-1-300x300.jpg 300w, https:\/\/lopescancado.adv.br\/wp-content\/uploads\/2024\/04\/8-1-150x150.jpg 150w, https:\/\/lopescancado.adv.br\/wp-content\/uploads\/2024\/04\/8-1-768x768.jpg 768w, https:\/\/lopescancado.adv.br\/wp-content\/uploads\/2024\/04\/8-1-1536x1536.jpg 1536w, https:\/\/lopescancado.adv.br\/wp-content\/uploads\/2024\/04\/8-1-2048x2048.jpg 2048w\" sizes=\"auto, (max-width: 1024px) 100vw, 1024px\" \/><\/figure>\n<\/figure>\n\n\n\n<p>Desde a institui\u00e7\u00e3o do Estatuto da Crian\u00e7a e do Adolescente em 1990, houve uma mudan\u00e7a significativa na abordagem em rela\u00e7\u00e3o aos adolescentes infratores no Brasil. A doutrina da Situa\u00e7\u00e3o Irregular foi substitu\u00edda, promovendo a inclus\u00e3o social desses jovens. O T\u00edtulo III do ECA, chamado &#8220;Da Pr\u00e1tica de Ato Infracional&#8221;, estabeleceu diretrizes para lidar com a quest\u00e3o, incluindo a defini\u00e7\u00e3o de ato infracional, os direitos dos adolescentes e as medidas socioeducativas a serem aplicadas.<\/p>\n\n\n\n<p>Ap\u00f3s 12 anos da cria\u00e7\u00e3o do ECA, a falta de diretrizes para a execu\u00e7\u00e3o das medidas socioeducativas levou a iniciativas conjuntas envolvendo o CONANDA, a SEDH\/SPDCA, a ABMP e o FONACRIAD. Isso resultou na Resolu\u00e7\u00e3o 119\/2006 e posteriormente na Lei 12.594\/2012, que regulamentou a execu\u00e7\u00e3o das medidas socioeducativas.<\/p>\n\n\n\n<p>Recentemente, em 2019, um projeto chamado &#8220;Novo Socioeducativo&#8221; prop\u00f4s a constru\u00e7\u00e3o e gest\u00e3o de novos centros socioeducativos atrav\u00e9s de parcerias p\u00fablico-privadas. Isso levantou preocupa\u00e7\u00f5es sobre a prote\u00e7\u00e3o e garantia de direitos dos adolescentes em cumprimento de medidas socioeducativas.<\/p>\n\n\n\n<p>Essa proposta representa um retrocesso nos avan\u00e7os alcan\u00e7ados, podendo comprometer os direitos j\u00e1 garantidos aos adolescentes. Al\u00e9m disso, pode levar a uma abordagem mais punitiva, semelhante ao sistema penal, e impactar de forma negativa especialmente os jovens negros e de baixa renda.<\/p>\n\n\n\n<p>Organiza\u00e7\u00f5es como o CONANDA emitiram notas contr\u00e1rias ao projeto, enfatizando a import\u00e2ncia de proteger os direitos dos adolescentes e garantir a manuten\u00e7\u00e3o de diretrizes pedag\u00f3gicas adequadas. Permitir o avan\u00e7o desse projeto seria um desrespeito aos princ\u00edpios de prote\u00e7\u00e3o integral previstos no ECA e na Constitui\u00e7\u00e3o Federal.<\/p>\n\n\n\n<p>\u00c9 fundamental refletir sobre os impactos desse movimento, que pode comprometer n\u00e3o apenas os direitos dos adolescentes inseridos no sistema socioeducativo, mas tamb\u00e9m aqueles que ainda n\u00e3o foram apreendidos, sujeitando-os a viola\u00e7\u00f5es de direitos desde o in\u00edcio do processo.<\/p>\n\n\n\n<p>\ud835\udc6d\ud835\udc90\ud835\udc8f\ud835\udc95\ud835\udc86: https:\/\/www.migalhas.com.br\/coluna\/migalhas-infancia-e-juventude\/405023\/quanto-vale-ou-e-por-quilo-logica-perversa-do-novo-socioeducativo<\/p>\n","protected":false},"excerpt":{"rendered":"<p>A l\u00f3gica distorcida do programa &#8220;Novo Socioeducativo&#8221;. Desde a institui\u00e7\u00e3o do Estatuto da Crian\u00e7a e do Adolescente em 1990, houve uma mudan\u00e7a significativa na abordagem em rela\u00e7\u00e3o aos adolescentes infratores no Brasil. A doutrina da Situa\u00e7\u00e3o Irregular foi substitu\u00edda, promovendo a inclus\u00e3o social desses jovens. O T\u00edtulo III do ECA, chamado &#8220;Da Pr\u00e1tica de Ato [&hellip;]<\/p>\n","protected":false},"author":3,"featured_media":0,"comment_status":"open","ping_status":"open","sticky":false,"template":"","format":"standard","meta":{"footnotes":""},"categories":[1],"tags":[],"class_list":["post-4365","post","type-post","status-publish","format-standard","hentry","category-uncategorized"],"acf":[],"_links":{"self":[{"href":"https:\/\/lopescancado.adv.br\/index.php?rest_route=\/wp\/v2\/posts\/4365","targetHints":{"allow":["GET"]}}],"collection":[{"href":"https:\/\/lopescancado.adv.br\/index.php?rest_route=\/wp\/v2\/posts"}],"about":[{"href":"https:\/\/lopescancado.adv.br\/index.php?rest_route=\/wp\/v2\/types\/post"}],"author":[{"embeddable":true,"href":"https:\/\/lopescancado.adv.br\/index.php?rest_route=\/wp\/v2\/users\/3"}],"replies":[{"embeddable":true,"href":"https:\/\/lopescancado.adv.br\/index.php?rest_route=%2Fwp%2Fv2%2Fcomments&post=4365"}],"version-history":[{"count":1,"href":"https:\/\/lopescancado.adv.br\/index.php?rest_route=\/wp\/v2\/posts\/4365\/revisions"}],"predecessor-version":[{"id":4367,"href":"https:\/\/lopescancado.adv.br\/index.php?rest_route=\/wp\/v2\/posts\/4365\/revisions\/4367"}],"wp:attachment":[{"href":"https:\/\/lopescancado.adv.br\/index.php?rest_route=%2Fwp%2Fv2%2Fmedia&parent=4365"}],"wp:term":[{"taxonomy":"category","embeddable":true,"href":"https:\/\/lopescancado.adv.br\/index.php?rest_route=%2Fwp%2Fv2%2Fcategories&post=4365"},{"taxonomy":"post_tag","embeddable":true,"href":"https:\/\/lopescancado.adv.br\/index.php?rest_route=%2Fwp%2Fv2%2Ftags&post=4365"}],"curies":[{"name":"wp","href":"https:\/\/api.w.org\/{rel}","templated":true}]}}