{"id":4377,"date":"2024-04-17T18:06:36","date_gmt":"2024-04-17T21:06:36","guid":{"rendered":"https:\/\/lopescancado.adv.br\/?p=4377"},"modified":"2024-05-06T10:19:49","modified_gmt":"2024-05-06T13:19:49","slug":"4377","status":"publish","type":"post","link":"https:\/\/lopescancado.adv.br\/?p=4377","title":{"rendered":""},"content":{"rendered":"\n<p>FGTS \u00e9 direito de empregados dom\u00e9sticos.<\/p>\n\n\n\n<figure class=\"wp-block-gallery has-nested-images columns-default is-cropped wp-block-gallery-1 is-layout-flex wp-block-gallery-is-layout-flex\">\n<figure class=\"wp-block-image size-large\"><img loading=\"lazy\" decoding=\"async\" width=\"1024\" height=\"1024\" data-id=\"4382\" src=\"https:\/\/lopescancado.adv.br\/wp-content\/uploads\/2024\/05\/LOPES-CANCADO-ADV-1080-x-1080-px-4-1024x1024.png\" alt=\"\" class=\"wp-image-4382\" srcset=\"https:\/\/lopescancado.adv.br\/wp-content\/uploads\/2024\/05\/LOPES-CANCADO-ADV-1080-x-1080-px-4-1024x1024.png 1024w, https:\/\/lopescancado.adv.br\/wp-content\/uploads\/2024\/05\/LOPES-CANCADO-ADV-1080-x-1080-px-4-300x300.png 300w, https:\/\/lopescancado.adv.br\/wp-content\/uploads\/2024\/05\/LOPES-CANCADO-ADV-1080-x-1080-px-4-150x150.png 150w, https:\/\/lopescancado.adv.br\/wp-content\/uploads\/2024\/05\/LOPES-CANCADO-ADV-1080-x-1080-px-4-768x768.png 768w, https:\/\/lopescancado.adv.br\/wp-content\/uploads\/2024\/05\/LOPES-CANCADO-ADV-1080-x-1080-px-4-1536x1536.png 1536w, https:\/\/lopescancado.adv.br\/wp-content\/uploads\/2024\/05\/LOPES-CANCADO-ADV-1080-x-1080-px-4-2048x2048.png 2048w\" sizes=\"auto, (max-width: 1024px) 100vw, 1024px\" \/><\/figure>\n<\/figure>\n\n\n\n<p>Desde outubro de 2015, \u00e0s empregadas dom\u00e9sticas com carteira assinada, t\u00eam direito ao Fundo de Garantia do Tempo de Servi\u00e7o (FGTS). Anteriormente, de 2000 a setembro de 2015, essa contribui\u00e7\u00e3o era opcional.<\/p>\n\n\n\n<p>De acordo com M\u00e1rio Avelino, presidente do Instituto Dom\u00e9stica Legal, essa \u00e9 uma obriga\u00e7\u00e3o estabelecida por lei. Portanto, os empregadores dom\u00e9sticos que n\u00e3o cumprirem adequadamente essa obriga\u00e7\u00e3o, podem enfrentar problemas legais perante a Justi\u00e7a do Trabalho. Ele refor\u00e7a sua indigna\u00e7\u00e3o com o aumento da informalidade no emprego dom\u00e9stico \u201c\u00c9 preocupante!\u201d.<\/p>\n\n\n\n<p>\u00c9 vantajoso cumprir as obriga\u00e7\u00f5es trabalhistas, pois isso evita complica\u00e7\u00f5es legais, como a\u00e7\u00f5es trabalhistas e problemas com \u00f3rg\u00e3os como a Receita Federal e o Minist\u00e9rio do Trabalho e Previd\u00eancia. O descumprimento dessas obriga\u00e7\u00f5es pode resultar em multas, juros e corre\u00e7\u00f5es monet\u00e1rias.<\/p>\n\n\n\n<p>Segundo o site Caixa Econ\u00f4mica Federal, o recolhimento do DAE deve ser feito at\u00e9 o dia 20 do m\u00eas seguinte ao da compet\u00eancia relativo ao recolhimento, conforme altera\u00e7\u00e3o de data de arrecada\u00e7\u00e3o prevista na Portaria n\u00famero 240 de 29\/02\/2024 do Minist\u00e9rio do Trabalho e Emprego.<\/p>\n\n\n\n<p>\ud835\udc6d\ud835\udc90\ud835\udc8f\ud835\udc95\ud835\udc86\ud835\udc94:<br>\u2022 https:\/\/odia.ig.com.br\/index.php?id=%2Fbusca%2Findex.php&amp;origin=search&amp;q=M%C3%A1rio+Avelino<br>\u2022 https:\/\/www.fgts.gov.br\/Pages\/sou-empregador\/recolhimento-empregado-domestico.aspx<\/p>\n","protected":false},"excerpt":{"rendered":"<p>FGTS \u00e9 direito de empregados dom\u00e9sticos. Desde outubro de 2015, \u00e0s empregadas dom\u00e9sticas com carteira assinada, t\u00eam direito ao Fundo de Garantia do Tempo de Servi\u00e7o (FGTS). Anteriormente, de 2000 a setembro de 2015, essa contribui\u00e7\u00e3o era opcional. De acordo com M\u00e1rio Avelino, presidente do Instituto Dom\u00e9stica Legal, essa \u00e9 uma obriga\u00e7\u00e3o estabelecida por lei. [&hellip;]<\/p>\n","protected":false},"author":4,"featured_media":0,"comment_status":"open","ping_status":"open","sticky":false,"template":"","format":"standard","meta":{"footnotes":""},"categories":[1],"tags":[],"class_list":["post-4377","post","type-post","status-publish","format-standard","hentry","category-uncategorized"],"acf":[],"_links":{"self":[{"href":"https:\/\/lopescancado.adv.br\/index.php?rest_route=\/wp\/v2\/posts\/4377","targetHints":{"allow":["GET"]}}],"collection":[{"href":"https:\/\/lopescancado.adv.br\/index.php?rest_route=\/wp\/v2\/posts"}],"about":[{"href":"https:\/\/lopescancado.adv.br\/index.php?rest_route=\/wp\/v2\/types\/post"}],"author":[{"embeddable":true,"href":"https:\/\/lopescancado.adv.br\/index.php?rest_route=\/wp\/v2\/users\/4"}],"replies":[{"embeddable":true,"href":"https:\/\/lopescancado.adv.br\/index.php?rest_route=%2Fwp%2Fv2%2Fcomments&post=4377"}],"version-history":[{"count":2,"href":"https:\/\/lopescancado.adv.br\/index.php?rest_route=\/wp\/v2\/posts\/4377\/revisions"}],"predecessor-version":[{"id":4383,"href":"https:\/\/lopescancado.adv.br\/index.php?rest_route=\/wp\/v2\/posts\/4377\/revisions\/4383"}],"wp:attachment":[{"href":"https:\/\/lopescancado.adv.br\/index.php?rest_route=%2Fwp%2Fv2%2Fmedia&parent=4377"}],"wp:term":[{"taxonomy":"category","embeddable":true,"href":"https:\/\/lopescancado.adv.br\/index.php?rest_route=%2Fwp%2Fv2%2Fcategories&post=4377"},{"taxonomy":"post_tag","embeddable":true,"href":"https:\/\/lopescancado.adv.br\/index.php?rest_route=%2Fwp%2Fv2%2Ftags&post=4377"}],"curies":[{"name":"wp","href":"https:\/\/api.w.org\/{rel}","templated":true}]}}