{"id":4411,"date":"2024-06-05T12:48:47","date_gmt":"2024-06-05T15:48:47","guid":{"rendered":"https:\/\/lopescancado.adv.br\/?p=4411"},"modified":"2024-06-05T12:48:49","modified_gmt":"2024-06-05T15:48:49","slug":"4411","status":"publish","type":"post","link":"https:\/\/lopescancado.adv.br\/?p=4411","title":{"rendered":""},"content":{"rendered":"\n<h2 class=\"wp-block-heading\">STJ: <strong>pessoa com aliena\u00e7\u00e3o mental decorrente de Alzheimer tem direito \u00e0 isen\u00e7\u00e3o de IR<\/strong>.<\/h2>\n\n\n\n<figure class=\"wp-block-gallery has-nested-images columns-default is-cropped wp-block-gallery-1 is-layout-flex wp-block-gallery-is-layout-flex\">\n<figure class=\"wp-block-image size-large\"><img loading=\"lazy\" decoding=\"async\" width=\"1024\" height=\"1024\" data-id=\"4412\" src=\"https:\/\/lopescancado.adv.br\/wp-content\/uploads\/2024\/06\/LOPES-CANCADO-ADV-1080-x-1080-px-5-1024x1024.jpg\" alt=\"\" class=\"wp-image-4412\" srcset=\"https:\/\/lopescancado.adv.br\/wp-content\/uploads\/2024\/06\/LOPES-CANCADO-ADV-1080-x-1080-px-5-1024x1024.jpg 1024w, https:\/\/lopescancado.adv.br\/wp-content\/uploads\/2024\/06\/LOPES-CANCADO-ADV-1080-x-1080-px-5-300x300.jpg 300w, https:\/\/lopescancado.adv.br\/wp-content\/uploads\/2024\/06\/LOPES-CANCADO-ADV-1080-x-1080-px-5-150x150.jpg 150w, https:\/\/lopescancado.adv.br\/wp-content\/uploads\/2024\/06\/LOPES-CANCADO-ADV-1080-x-1080-px-5-768x768.jpg 768w, https:\/\/lopescancado.adv.br\/wp-content\/uploads\/2024\/06\/LOPES-CANCADO-ADV-1080-x-1080-px-5-1536x1536.jpg 1536w, https:\/\/lopescancado.adv.br\/wp-content\/uploads\/2024\/06\/LOPES-CANCADO-ADV-1080-x-1080-px-5-2048x2048.jpg 2048w\" sizes=\"auto, (max-width: 1024px) 100vw, 1024px\" \/><\/figure>\n<\/figure>\n\n\n\n<p>A Primeira Turma do Superior Tribunal de Justi\u00e7a (STJ) reafirmou que pessoas com Alzheimer t\u00eam direito \u00e0 isen\u00e7\u00e3o do Imposto de Renda (IR) quando a doen\u00e7a resulta em aliena\u00e7\u00e3o mental. Este entendimento foi aplicado em uma a\u00e7\u00e3o de uma servidora p\u00fablica aposentada do Distrito Federal, de 79 anos, que buscava a devolu\u00e7\u00e3o do IR pago desde julho de 2019 devido \u00e0 sua condi\u00e7\u00e3o.<\/p>\n\n\n\n<p>O pedido foi aceito em primeira inst\u00e2ncia e confirmado pelo Tribunal de Justi\u00e7a do Distrito Federal e dos Territ\u00f3rios (TJDFT). Embora o Alzheimer n\u00e3o esteja listado nas doen\u00e7as especificadas no artigo 6\u00ba da Lei 7.713\/1988, a doen\u00e7a causa aliena\u00e7\u00e3o mental, justificando a isen\u00e7\u00e3o.<\/p>\n\n\n\n<p>O Distrito Federal recorreu, argumentando que o TJDFT n\u00e3o aplicou corretamente a Lei 7.713\/1998. O relator do recurso no STJ, ministro Benedito Gon\u00e7alves, explicou que, embora a lei mencione isen\u00e7\u00e3o para portadores de aliena\u00e7\u00e3o mental sem especificar o Alzheimer, a Primeira Turma decidiu que a isen\u00e7\u00e3o \u00e9 aplic\u00e1vel se a doen\u00e7a causa aliena\u00e7\u00e3o mental.<\/p>\n\n\n\n<p>A decis\u00e3o n\u00e3o foi revista, pois determinar a aus\u00eancia de aliena\u00e7\u00e3o mental exigiria produ\u00e7\u00e3o de provas, o que n\u00e3o \u00e9 adequado em recurso especial, conforme a S\u00famula 7 do STJ.<\/p>\n\n\n\n<p>REsp 2082632<\/p>\n\n\n\n<p>\ud835\udc6d\ud835\udc90\ud835\udc8f\ud835\udc95\ud835\udc86: https:\/\/www.stj.jus.br\/sites\/portalp\/Paginas\/Comunicacao\/Noticias\/2024\/15052024-Pessoa-com-Alzheimer-tem-direito-a-isencao-de-IR-quando-doenca-causa-alienacao-mental.aspx<\/p>\n","protected":false},"excerpt":{"rendered":"<p>STJ: pessoa com aliena\u00e7\u00e3o mental decorrente de Alzheimer tem direito \u00e0 isen\u00e7\u00e3o de IR. A Primeira Turma do Superior Tribunal de Justi\u00e7a (STJ) reafirmou que pessoas com Alzheimer t\u00eam direito \u00e0 isen\u00e7\u00e3o do Imposto de Renda (IR) quando a doen\u00e7a resulta em aliena\u00e7\u00e3o mental. Este entendimento foi aplicado em uma a\u00e7\u00e3o de uma servidora p\u00fablica [&hellip;]<\/p>\n","protected":false},"author":3,"featured_media":0,"comment_status":"open","ping_status":"open","sticky":false,"template":"","format":"standard","meta":{"footnotes":""},"categories":[1],"tags":[],"class_list":["post-4411","post","type-post","status-publish","format-standard","hentry","category-uncategorized"],"acf":[],"_links":{"self":[{"href":"https:\/\/lopescancado.adv.br\/index.php?rest_route=\/wp\/v2\/posts\/4411","targetHints":{"allow":["GET"]}}],"collection":[{"href":"https:\/\/lopescancado.adv.br\/index.php?rest_route=\/wp\/v2\/posts"}],"about":[{"href":"https:\/\/lopescancado.adv.br\/index.php?rest_route=\/wp\/v2\/types\/post"}],"author":[{"embeddable":true,"href":"https:\/\/lopescancado.adv.br\/index.php?rest_route=\/wp\/v2\/users\/3"}],"replies":[{"embeddable":true,"href":"https:\/\/lopescancado.adv.br\/index.php?rest_route=%2Fwp%2Fv2%2Fcomments&post=4411"}],"version-history":[{"count":1,"href":"https:\/\/lopescancado.adv.br\/index.php?rest_route=\/wp\/v2\/posts\/4411\/revisions"}],"predecessor-version":[{"id":4413,"href":"https:\/\/lopescancado.adv.br\/index.php?rest_route=\/wp\/v2\/posts\/4411\/revisions\/4413"}],"wp:attachment":[{"href":"https:\/\/lopescancado.adv.br\/index.php?rest_route=%2Fwp%2Fv2%2Fmedia&parent=4411"}],"wp:term":[{"taxonomy":"category","embeddable":true,"href":"https:\/\/lopescancado.adv.br\/index.php?rest_route=%2Fwp%2Fv2%2Fcategories&post=4411"},{"taxonomy":"post_tag","embeddable":true,"href":"https:\/\/lopescancado.adv.br\/index.php?rest_route=%2Fwp%2Fv2%2Ftags&post=4411"}],"curies":[{"name":"wp","href":"https:\/\/api.w.org\/{rel}","templated":true}]}}