{"id":4422,"date":"2024-06-25T19:07:06","date_gmt":"2024-06-25T22:07:06","guid":{"rendered":"https:\/\/lopescancado.adv.br\/?p=4422"},"modified":"2024-06-25T19:07:08","modified_gmt":"2024-06-25T22:07:08","slug":"4422","status":"publish","type":"post","link":"https:\/\/lopescancado.adv.br\/?p=4422","title":{"rendered":""},"content":{"rendered":"\n<h2 class=\"wp-block-heading\"><strong>STF retoma, nesta ter\u00e7a (25), julgamento sobre descriminaliza\u00e7\u00e3o do porte de maconha no Brasil.<\/strong><\/h2>\n\n\n\n<figure class=\"wp-block-image size-large\"><img loading=\"lazy\" decoding=\"async\" width=\"1024\" height=\"1024\" src=\"https:\/\/lopescancado.adv.br\/wp-content\/uploads\/2024\/06\/LOPES-CANCADO-ADV-1080-x-1080-px-10-1024x1024.jpg\" alt=\"\" class=\"wp-image-4423\" srcset=\"https:\/\/lopescancado.adv.br\/wp-content\/uploads\/2024\/06\/LOPES-CANCADO-ADV-1080-x-1080-px-10-1024x1024.jpg 1024w, https:\/\/lopescancado.adv.br\/wp-content\/uploads\/2024\/06\/LOPES-CANCADO-ADV-1080-x-1080-px-10-300x300.jpg 300w, https:\/\/lopescancado.adv.br\/wp-content\/uploads\/2024\/06\/LOPES-CANCADO-ADV-1080-x-1080-px-10-150x150.jpg 150w, https:\/\/lopescancado.adv.br\/wp-content\/uploads\/2024\/06\/LOPES-CANCADO-ADV-1080-x-1080-px-10-768x768.jpg 768w, https:\/\/lopescancado.adv.br\/wp-content\/uploads\/2024\/06\/LOPES-CANCADO-ADV-1080-x-1080-px-10-1536x1536.jpg 1536w, https:\/\/lopescancado.adv.br\/wp-content\/uploads\/2024\/06\/LOPES-CANCADO-ADV-1080-x-1080-px-10-2048x2048.jpg 2048w\" sizes=\"auto, (max-width: 1024px) 100vw, 1024px\" \/><\/figure>\n\n\n\n<p>Nesta ter\u00e7a-feira (25), o STF (Supremo Tribunal Federal) formou maioria para descriminalizar o porte de m4conh4 para uso pessoal, mas ainda n\u00e3o definiu a quantidade m\u00ednima que caracteriza o uso individual. A decis\u00e3o ter\u00e1 repercuss\u00e3o geral, afetando outros tribunais em casos semelhantes.<\/p>\n\n\n\n<p>O ministro Dias Toffoli refor\u00e7ou que seis votos apoiam a descriminaliza\u00e7\u00e3o e sugeriu que o porte de todas as drogas, n\u00e3o apenas da maconha, n\u00e3o deveria ser considerado crime.<\/p>\n\n\n\n<p>\u00c9 importante notar que a Corte n\u00e3o legalizou o consumo de entorpecentes, mantendo-os como ato il\u00edcito, mesmo para uso pessoal.<\/p>\n\n\n\n<p>\ud835\udc6d\ud835\udc90\ud835\udc8f\ud835\udc95\ud835\udc86:&nbsp;<a href=\"https:\/\/www.instagram.com\/portalr7\/\">@portalr7<\/a><\/p>\n","protected":false},"excerpt":{"rendered":"<p>STF retoma, nesta ter\u00e7a (25), julgamento sobre descriminaliza\u00e7\u00e3o do porte de maconha no Brasil. Nesta ter\u00e7a-feira (25), o STF (Supremo Tribunal Federal) formou maioria para descriminalizar o porte de m4conh4 para uso pessoal, mas ainda n\u00e3o definiu a quantidade m\u00ednima que caracteriza o uso individual. A decis\u00e3o ter\u00e1 repercuss\u00e3o geral, afetando outros tribunais em casos [&hellip;]<\/p>\n","protected":false},"author":3,"featured_media":0,"comment_status":"open","ping_status":"open","sticky":false,"template":"","format":"standard","meta":{"footnotes":""},"categories":[1],"tags":[],"class_list":["post-4422","post","type-post","status-publish","format-standard","hentry","category-uncategorized"],"acf":[],"_links":{"self":[{"href":"https:\/\/lopescancado.adv.br\/index.php?rest_route=\/wp\/v2\/posts\/4422","targetHints":{"allow":["GET"]}}],"collection":[{"href":"https:\/\/lopescancado.adv.br\/index.php?rest_route=\/wp\/v2\/posts"}],"about":[{"href":"https:\/\/lopescancado.adv.br\/index.php?rest_route=\/wp\/v2\/types\/post"}],"author":[{"embeddable":true,"href":"https:\/\/lopescancado.adv.br\/index.php?rest_route=\/wp\/v2\/users\/3"}],"replies":[{"embeddable":true,"href":"https:\/\/lopescancado.adv.br\/index.php?rest_route=%2Fwp%2Fv2%2Fcomments&post=4422"}],"version-history":[{"count":1,"href":"https:\/\/lopescancado.adv.br\/index.php?rest_route=\/wp\/v2\/posts\/4422\/revisions"}],"predecessor-version":[{"id":4424,"href":"https:\/\/lopescancado.adv.br\/index.php?rest_route=\/wp\/v2\/posts\/4422\/revisions\/4424"}],"wp:attachment":[{"href":"https:\/\/lopescancado.adv.br\/index.php?rest_route=%2Fwp%2Fv2%2Fmedia&parent=4422"}],"wp:term":[{"taxonomy":"category","embeddable":true,"href":"https:\/\/lopescancado.adv.br\/index.php?rest_route=%2Fwp%2Fv2%2Fcategories&post=4422"},{"taxonomy":"post_tag","embeddable":true,"href":"https:\/\/lopescancado.adv.br\/index.php?rest_route=%2Fwp%2Fv2%2Ftags&post=4422"}],"curies":[{"name":"wp","href":"https:\/\/api.w.org\/{rel}","templated":true}]}}