{"id":4430,"date":"2024-07-08T17:27:20","date_gmt":"2024-07-08T20:27:20","guid":{"rendered":"https:\/\/lopescancado.adv.br\/?p=4430"},"modified":"2024-07-08T17:27:22","modified_gmt":"2024-07-08T20:27:22","slug":"4430","status":"publish","type":"post","link":"https:\/\/lopescancado.adv.br\/?p=4430","title":{"rendered":""},"content":{"rendered":"\n<h2 class=\"wp-block-heading\"><strong>MPT\/RS se pronuncia<\/strong> &#8211; <strong>Ap\u00f3s advogada gestante ter prioridade negada em sustenta\u00e7\u00e3o, \u00d3rg\u00e3o expressa solidariedade a gr\u00e1vidas.<\/strong><\/h2>\n\n\n\n<figure class=\"wp-block-gallery has-nested-images columns-default is-cropped wp-block-gallery-1 is-layout-flex wp-block-gallery-is-layout-flex\">\n<figure class=\"wp-block-image size-large\"><img loading=\"lazy\" decoding=\"async\" width=\"1024\" height=\"1024\" data-id=\"4431\" src=\"https:\/\/lopescancado.adv.br\/wp-content\/uploads\/2024\/07\/LOPES-CANCADO-ADV-1080-x-1080-px-2-1024x1024.jpg\" alt=\"\" class=\"wp-image-4431\" srcset=\"https:\/\/lopescancado.adv.br\/wp-content\/uploads\/2024\/07\/LOPES-CANCADO-ADV-1080-x-1080-px-2-1024x1024.jpg 1024w, https:\/\/lopescancado.adv.br\/wp-content\/uploads\/2024\/07\/LOPES-CANCADO-ADV-1080-x-1080-px-2-300x300.jpg 300w, https:\/\/lopescancado.adv.br\/wp-content\/uploads\/2024\/07\/LOPES-CANCADO-ADV-1080-x-1080-px-2-150x150.jpg 150w, https:\/\/lopescancado.adv.br\/wp-content\/uploads\/2024\/07\/LOPES-CANCADO-ADV-1080-x-1080-px-2-768x768.jpg 768w, https:\/\/lopescancado.adv.br\/wp-content\/uploads\/2024\/07\/LOPES-CANCADO-ADV-1080-x-1080-px-2-1536x1536.jpg 1536w, https:\/\/lopescancado.adv.br\/wp-content\/uploads\/2024\/07\/LOPES-CANCADO-ADV-1080-x-1080-px-2-2048x2048.jpg 2048w\" sizes=\"auto, (max-width: 1024px) 100vw, 1024px\" \/><\/figure>\n<\/figure>\n\n\n\n<p>Ap\u00f3s uma advogada gestante ter sua prioridade em sustenta\u00e7\u00e3o oral negada pela 8\u00aa turma do TRT da 4\u00aa regi\u00e3o, o Minist\u00e9rio P\u00fablico do Trabalho do Rio Grande do Sul (MPT\/RS) manifestou solidariedade a todas as gestantes e lactantes com direitos desrespeitados. O \u00f3rg\u00e3o destacou seu compromisso com a prote\u00e7\u00e3o dos direitos dessas mulheres, ressaltando a necessidade de respeito em todos os ambientes de trabalho, incluindo o Judici\u00e1rio.<\/p>\n\n\n\n<p>O MPT\/RS j\u00e1 oferece espa\u00e7os adequados para repouso e amamenta\u00e7\u00e3o em oito unidades no estado e reafirma a import\u00e2ncia da prote\u00e7\u00e3o \u00e0 maternidade como medida de justi\u00e7a social. Durante a sess\u00e3o, o procurador Philippe Gomes Jardim defendeu, sem sucesso, a prioridade da advogada gestante, conforme a Lei Julia Matos de 2016, que garante essa prerrogativa. O MPT\/RS continua a lutar pela observ\u00e2ncia dos direitos das gestantes e lactantes, promovendo a equidade de g\u00eanero no ambiente profissional.<\/p>\n\n\n\n<p>\ud835\udc6d\ud835\udc90\ud835\udc8f\ud835\udc95\ud835\udc86: https:\/\/www.migalhas.com.br\/quentes\/410352\/mpt-rs-se-manifesta-apos-gestante-ter-prioridade-negada-em-sustentacao<\/p>\n","protected":false},"excerpt":{"rendered":"<p>MPT\/RS se pronuncia &#8211; Ap\u00f3s advogada gestante ter prioridade negada em sustenta\u00e7\u00e3o, \u00d3rg\u00e3o expressa solidariedade a gr\u00e1vidas. Ap\u00f3s uma advogada gestante ter sua prioridade em sustenta\u00e7\u00e3o oral negada pela 8\u00aa turma do TRT da 4\u00aa regi\u00e3o, o Minist\u00e9rio P\u00fablico do Trabalho do Rio Grande do Sul (MPT\/RS) manifestou solidariedade a todas as gestantes e lactantes [&hellip;]<\/p>\n","protected":false},"author":3,"featured_media":0,"comment_status":"open","ping_status":"open","sticky":false,"template":"","format":"standard","meta":{"footnotes":""},"categories":[1],"tags":[],"class_list":["post-4430","post","type-post","status-publish","format-standard","hentry","category-uncategorized"],"acf":[],"_links":{"self":[{"href":"https:\/\/lopescancado.adv.br\/index.php?rest_route=\/wp\/v2\/posts\/4430","targetHints":{"allow":["GET"]}}],"collection":[{"href":"https:\/\/lopescancado.adv.br\/index.php?rest_route=\/wp\/v2\/posts"}],"about":[{"href":"https:\/\/lopescancado.adv.br\/index.php?rest_route=\/wp\/v2\/types\/post"}],"author":[{"embeddable":true,"href":"https:\/\/lopescancado.adv.br\/index.php?rest_route=\/wp\/v2\/users\/3"}],"replies":[{"embeddable":true,"href":"https:\/\/lopescancado.adv.br\/index.php?rest_route=%2Fwp%2Fv2%2Fcomments&post=4430"}],"version-history":[{"count":1,"href":"https:\/\/lopescancado.adv.br\/index.php?rest_route=\/wp\/v2\/posts\/4430\/revisions"}],"predecessor-version":[{"id":4432,"href":"https:\/\/lopescancado.adv.br\/index.php?rest_route=\/wp\/v2\/posts\/4430\/revisions\/4432"}],"wp:attachment":[{"href":"https:\/\/lopescancado.adv.br\/index.php?rest_route=%2Fwp%2Fv2%2Fmedia&parent=4430"}],"wp:term":[{"taxonomy":"category","embeddable":true,"href":"https:\/\/lopescancado.adv.br\/index.php?rest_route=%2Fwp%2Fv2%2Fcategories&post=4430"},{"taxonomy":"post_tag","embeddable":true,"href":"https:\/\/lopescancado.adv.br\/index.php?rest_route=%2Fwp%2Fv2%2Ftags&post=4430"}],"curies":[{"name":"wp","href":"https:\/\/api.w.org\/{rel}","templated":true}]}}