{"id":75,"date":"2012-03-22T15:03:56","date_gmt":"2012-03-22T15:03:56","guid":{"rendered":"http:\/\/lopescancado.adv.br\/blogger\/?p=75"},"modified":"2012-03-22T15:03:56","modified_gmt":"2012-03-22T15:03:56","slug":"senado-aprova-aposentadoria-integral-por-invalidez-para-servidores","status":"publish","type":"post","link":"https:\/\/lopescancado.adv.br\/?p=75","title":{"rendered":"Senado aprova aposentadoria integral por invalidez para servidores"},"content":{"rendered":"<h2><a href=\"http:\/\/lopescancado.adv.br\/blogger\/wp-content\/uploads\/2012\/03\/aposentadoria.png\"><img loading=\"lazy\" decoding=\"async\" class=\"aligncenter size-medium wp-image-76\" title=\"aposentadoria\" src=\"http:\/\/lopescancado.adv.br\/blogger\/wp-content\/uploads\/2012\/03\/aposentadoria-300x270.png\" alt=\"\" width=\"300\" height=\"270\" srcset=\"https:\/\/lopescancado.adv.br\/wp-content\/uploads\/2012\/03\/aposentadoria-300x270.png 300w, https:\/\/lopescancado.adv.br\/wp-content\/uploads\/2012\/03\/aposentadoria.png 640w\" sizes=\"auto, (max-width: 300px) 100vw, 300px\" \/><\/a><\/h2>\n<h2>Projeto ainda deve passar por sess\u00e3o solene do Congresso para ser aprovado<\/h2>\n<div>\u00a0<\/div>\n<div>BRAS\u00cdLIA &#8211; O Senado fez um acordo nesta ter\u00e7a-feira e aprovou, em duas sess\u00f5es extraordin\u00e1rias, a Proposta de Emenda \u00e0 Constitui\u00e7\u00e3o n\u00famero 5 (PEC) que garante proventos integrais a servidores p\u00fablicos aposentados por invalidez. A mat\u00e9ria transitou em regime de urg\u00eancia na Casa. Agora, ser\u00e1 promulgada em uma sess\u00e3o solene do Congresso Nacional, em data a ser agendada, uma vez que o projeto original veio da C\u00e2mara.<br \/>\nA PEC 05\/2012 assegura ao servidor que tenham ingressado no servi\u00e7o p\u00fablico at\u00e9 31 de dezembro de 2003 o direito de se aposentar por invalidez com proventos integrais e garantia de paridade. Ela determina que a Uni\u00e3o, os estados, o Distrito Federal e os munic\u00edpios, com suas respectivas autarquias e funda\u00e7\u00f5es, procedam, no prazo de 180 dias da entrada em vigor da emenda, a revis\u00e3o das aposentadorias e pens\u00f5es delas decorrentes, concedidas a partir de 1\u00ba de janeiro de 2004.<br \/>\n<strong>Deficiente pode ter novas regras para se aposentar<\/strong><br \/>\nOs portadores de defici\u00eancia poder\u00e3o ter aposentadoria especial, caso estejam filiados a Previd\u00eancia Social. A mudan\u00e7a\u00a0<a href=\"http:\/\/oglobo.globo.com\/pais\/aposentadoria-especial-para-deficientes-aprovada-em-comissao-4363127\" target=\"_blank\" rel=\"noopener\">foi aprovada na Comiss\u00e3o de Assuntos Econ\u00f4micos (CAE) do Senado<\/a>nesta ter\u00e7a-feira, e agora segue para vota\u00e7\u00e3o em regime de urg\u00eancia no Plen\u00e1rio da Casa.<br \/>\nEntre os requisitos estabelecidos em substitutivo apresentado pelo relator do projeto, senador Lindbergh Farias (PT-RJ), est\u00e1 a exig\u00eancia de tempo de contribui\u00e7\u00e3o diferenciada, conforme se trate de defici\u00eancia leve (30 anos, se homem; e 25, se mulher), defici\u00eancia moderada (27, se homem; e 22, se mulher) e defici\u00eancia grave (25 anos, se homem; e 20, se mulher). Por tempo de idade, a nova regra determina que pode se aposentar o deficiente que tiver 60 anos, se for homem, e com 55 anos se for mulher, desde que cumprido tempo m\u00ednimo de contribui\u00e7\u00e3o de quinze anos, e comprovada a exist\u00eancia de defici\u00eancia durante igual per\u00edodo.<br \/>\nPelo texto, se o segurado se tornar deficiente ap\u00f3s ter se filiado \u00e0 Previd\u00eancia, o tempo de contribui\u00e7\u00e3o ser\u00e1 ajustado, conforme o per\u00edodo que o segurado trabalhou antes de se tornar deficiente e depois.<\/div>\n<div>\u00a0<\/div>\n<div>Fonte: O Globo<\/div>\n","protected":false},"excerpt":{"rendered":"<p>Projeto ainda deve passar por sess\u00e3o solene do Congresso para ser aprovado \u00a0 BRAS\u00cdLIA &#8211; O Senado fez um acordo nesta ter\u00e7a-feira e aprovou, em duas sess\u00f5es extraordin\u00e1rias, a Proposta de Emenda \u00e0 Constitui\u00e7\u00e3o n\u00famero 5 (PEC) que garante proventos integrais a servidores p\u00fablicos aposentados por invalidez. A mat\u00e9ria transitou em regime de urg\u00eancia na [&hellip;]<\/p>\n","protected":false},"author":1,"featured_media":0,"comment_status":"open","ping_status":"open","sticky":false,"template":"","format":"standard","meta":{"footnotes":""},"categories":[4],"tags":[],"class_list":["post-75","post","type-post","status-publish","format-standard","hentry","category-noticias"],"acf":[],"_links":{"self":[{"href":"https:\/\/lopescancado.adv.br\/index.php?rest_route=\/wp\/v2\/posts\/75","targetHints":{"allow":["GET"]}}],"collection":[{"href":"https:\/\/lopescancado.adv.br\/index.php?rest_route=\/wp\/v2\/posts"}],"about":[{"href":"https:\/\/lopescancado.adv.br\/index.php?rest_route=\/wp\/v2\/types\/post"}],"author":[{"embeddable":true,"href":"https:\/\/lopescancado.adv.br\/index.php?rest_route=\/wp\/v2\/users\/1"}],"replies":[{"embeddable":true,"href":"https:\/\/lopescancado.adv.br\/index.php?rest_route=%2Fwp%2Fv2%2Fcomments&post=75"}],"version-history":[{"count":0,"href":"https:\/\/lopescancado.adv.br\/index.php?rest_route=\/wp\/v2\/posts\/75\/revisions"}],"wp:attachment":[{"href":"https:\/\/lopescancado.adv.br\/index.php?rest_route=%2Fwp%2Fv2%2Fmedia&parent=75"}],"wp:term":[{"taxonomy":"category","embeddable":true,"href":"https:\/\/lopescancado.adv.br\/index.php?rest_route=%2Fwp%2Fv2%2Fcategories&post=75"},{"taxonomy":"post_tag","embeddable":true,"href":"https:\/\/lopescancado.adv.br\/index.php?rest_route=%2Fwp%2Fv2%2Ftags&post=75"}],"curies":[{"name":"wp","href":"https:\/\/api.w.org\/{rel}","templated":true}]}}