{"id":83,"date":"2012-03-28T19:03:04","date_gmt":"2012-03-28T19:03:04","guid":{"rendered":"http:\/\/lopescancado.adv.br\/blogger\/?p=83"},"modified":"2012-03-28T19:03:04","modified_gmt":"2012-03-28T19:03:04","slug":"seminario-sobre-liberdade-sindical-abre-inscricoes","status":"publish","type":"post","link":"https:\/\/lopescancado.adv.br\/?p=83","title":{"rendered":"Semin\u00e1rio sobre Liberdade Sindical abre inscri\u00e7\u00f5es"},"content":{"rendered":"<div id=\"aui_3_2_0_1317\">\n<h1 id=\"aui_3_2_0_1316\">\u00a0<a href=\"http:\/\/lopescancado.adv.br\/blogger\/wp-content\/uploads\/2012\/03\/image_gallery.jpg\"><img loading=\"lazy\" decoding=\"async\" class=\"aligncenter size-full wp-image-84\" title=\"image_gallery\" src=\"http:\/\/lopescancado.adv.br\/blogger\/wp-content\/uploads\/2012\/03\/image_gallery.jpg\" alt=\"\" width=\"666\" height=\"106\" srcset=\"https:\/\/lopescancado.adv.br\/wp-content\/uploads\/2012\/03\/image_gallery.jpg 666w, https:\/\/lopescancado.adv.br\/wp-content\/uploads\/2012\/03\/image_gallery-300x48.jpg 300w\" sizes=\"auto, (max-width: 666px) 100vw, 666px\" \/><\/a><\/h1>\n<\/div>\n<div id=\"aui_3_2_0_1334\">\n<div id=\"aui_3_2_0_1333\">\n<div id=\"aui_3_2_0_1332\">\n<div id=\"aui_3_2_0_1331\">\n<div id=\"aui_3_2_0_1330\">\n<p id=\"aui_3_2_0_1329\">Est\u00e3o abertas, at\u00e9 o dia 24 de abril, as inscri\u00e7\u00f5es para o semin\u00e1rio &#8220;Liberdade sindical e os novos rumos do sindicalismo no Brasil&#8221; que o Tribunal Superior do Trabalho realizar\u00e1 de 25 a 27 de abril com o objetivo de difundir conhecimento especializado a respeito do modelo sindical brasileiro \u00e0 luz do direito comparado e das normas da Organiza\u00e7\u00e3o Internacional do Trabalho (OIT).<\/p>\n<p>As inscri\u00e7\u00f5es, gratuitas, est\u00e3o sujeitas \u00e0 disponibilidade de vagas e devem ser feitas por meio de formul\u00e1rio online dispon\u00edvel na \u00e1rea espec\u00edfica do evento no Portal do TST.<\/p>\n<p><strong>Participantes e programa\u00e7\u00e3o<\/strong><\/p>\n<p>O semin\u00e1rio reunir\u00e1 magistrados, procuradores, dirigentes sindicais, servidores, professores e estudantes, e ter\u00e1 como palestrantes especialistas internacionais. A cerim\u00f4nia de abertura ser\u00e1 feita pelo ministro Carlos Ayres Britto, do Supremo Tribunal Federal (STF), e pelo ministro Dalazen, seguida de confer\u00eancia de Mario Ackerman, especialista da OIT, que falar\u00e1 sobre liberdade sindical e trabalho decente. A OIT estar\u00e1 presente ainda com a diretora do Departamento de Normas, Cleopatra Doumbia-Henry, e Hor\u00e1cio Guido, especialista em liberdade sindical.<\/p>\n<p>A programa\u00e7\u00e3o ter\u00e1 pain\u00e9is e mesas redondas que tratar\u00e3o da Conven\u00e7\u00e3o 87 da OIT e a Constitui\u00e7\u00e3o Brasileira, a prote\u00e7\u00e3o contra as condutas antissindicais, a organiza\u00e7\u00e3o sindical e suas fontes de custeio, experi\u00eancias inovadoras e reflex\u00f5es sobre as novas perspectivas do sindicalismo no Brasil, direito de greve e negocia\u00e7\u00e3o coletiva.<\/p>\n<p>Confira <strong><a href=\"http:\/\/www.tst.jus.br\/web\/seminario-liberdade-sindical\/programacao\">aqui<\/a><\/strong> a programa\u00e7\u00e3o completa.<\/p>\n<p><strong>Fonte: <a href=\"http:\/\/www.tst.jus.br\">www.tst.jus.br<\/a><\/strong><\/p>\n<\/div>\n<\/div>\n<\/div>\n<\/div>\n<\/div>\n","protected":false},"excerpt":{"rendered":"<p>\u00a0 Est\u00e3o abertas, at\u00e9 o dia 24 de abril, as inscri\u00e7\u00f5es para o semin\u00e1rio &#8220;Liberdade sindical e os novos rumos do sindicalismo no Brasil&#8221; que o Tribunal Superior do Trabalho realizar\u00e1 de 25 a 27 de abril com o objetivo de difundir conhecimento especializado a respeito do modelo sindical brasileiro \u00e0 luz do direito comparado [&hellip;]<\/p>\n","protected":false},"author":1,"featured_media":0,"comment_status":"open","ping_status":"open","sticky":false,"template":"","format":"standard","meta":{"footnotes":""},"categories":[4],"tags":[],"class_list":["post-83","post","type-post","status-publish","format-standard","hentry","category-noticias"],"acf":[],"_links":{"self":[{"href":"https:\/\/lopescancado.adv.br\/index.php?rest_route=\/wp\/v2\/posts\/83","targetHints":{"allow":["GET"]}}],"collection":[{"href":"https:\/\/lopescancado.adv.br\/index.php?rest_route=\/wp\/v2\/posts"}],"about":[{"href":"https:\/\/lopescancado.adv.br\/index.php?rest_route=\/wp\/v2\/types\/post"}],"author":[{"embeddable":true,"href":"https:\/\/lopescancado.adv.br\/index.php?rest_route=\/wp\/v2\/users\/1"}],"replies":[{"embeddable":true,"href":"https:\/\/lopescancado.adv.br\/index.php?rest_route=%2Fwp%2Fv2%2Fcomments&post=83"}],"version-history":[{"count":0,"href":"https:\/\/lopescancado.adv.br\/index.php?rest_route=\/wp\/v2\/posts\/83\/revisions"}],"wp:attachment":[{"href":"https:\/\/lopescancado.adv.br\/index.php?rest_route=%2Fwp%2Fv2%2Fmedia&parent=83"}],"wp:term":[{"taxonomy":"category","embeddable":true,"href":"https:\/\/lopescancado.adv.br\/index.php?rest_route=%2Fwp%2Fv2%2Fcategories&post=83"},{"taxonomy":"post_tag","embeddable":true,"href":"https:\/\/lopescancado.adv.br\/index.php?rest_route=%2Fwp%2Fv2%2Ftags&post=83"}],"curies":[{"name":"wp","href":"https:\/\/api.w.org\/{rel}","templated":true}]}}