{"id":93,"date":"2012-04-03T21:31:46","date_gmt":"2012-04-03T21:31:46","guid":{"rendered":"http:\/\/lopescancado.adv.br\/blogger\/?p=93"},"modified":"2012-04-03T21:31:46","modified_gmt":"2012-04-03T21:31:46","slug":"pre-candidato-a-vereador-necessita-deixar-o-cargo","status":"publish","type":"post","link":"https:\/\/lopescancado.adv.br\/?p=93","title":{"rendered":"Pr\u00e9-candidato a vereador necessita deixar o cargo"},"content":{"rendered":"<p><strong>Pr\u00e9 candidato a vereador ocupante de cargo efetivo do Munic\u00edpio &#8220;A&#8221; precisa deixar seu cargo, segundo a legisla\u00e7\u00e3o, 6 meses antes do pleito eleitoral. Ele ser\u00e1 remunerado s\u00f3 por 3 meses ou h\u00e1 possibilidade de ser pelos 6 meses integrais, j\u00e1 que a Lei org\u00e2nica do Municipio s\u00f3 prev\u00ea os tr\u00eas meses de sal\u00e1rio? Existe alguma forma de receber os 6 meses?<\/strong><\/p>\n<div>Resposta:<\/div>\n<div>\n<div>\n<div>\n<div dir=\"ltr\">\n<div>\n<div dir=\"ltr\">\n<div>\n<div><em>A ideia de desincompatibiliza\u00e7\u00e3o traduz a obrigatoriedade de afastamento de suas atividades habituais. A Lei Complementar n. 64\/90, conhecida como &#8220;Lei das inelegibilidades&#8221;, traz as principais regras de desincompatibiliza\u00e7\u00e3o.<\/em><\/div>\n<div><em>Nos moldes trazidos pela legisla\u00e7\u00e3o correlata e, ainda, pela jurisprud\u00eancia do Tribunal Superior Eleitoral, no caso trazido do sr. Carlos, necess\u00e1rio se faz a desincompatibiliza\u00e7\u00e3o, que far-se-\u00e1 seis meses antes do pleito, conforme disp\u00f5em os incisos II, &#8220;d&#8221;, V, &#8220;a&#8221; e VII, &#8220;a&#8221; do Art. 1o da LC 64\/90.<\/em><\/div>\n<div><em>\u00a0<\/em><\/div>\n<div><em>H\u00e1 jurisprud\u00eancia tanto pela remunera\u00e7\u00e3o integral, quanto pela remunera\u00e7\u00e3o dos 3 meses, mas neste caso, por ser previsto\u00a0especificamente na Lei Org\u00e2nica deste Munic\u00edpio,<span style=\"color: #cc0000;\">\u00a0a princ\u00edpio ele n\u00e3o faria juz \u00e0 remunera\u00e7\u00e3o integral de 6 meses.<\/span><\/em><\/div>\n<div>\u00a0<\/div>\n<\/div>\n<\/div>\n<\/div>\n<\/div>\n<\/div>\n<\/div>\n<\/div>\n","protected":false},"excerpt":{"rendered":"<p>Pr\u00e9 candidato a vereador ocupante de cargo efetivo do Munic\u00edpio &#8220;A&#8221; precisa deixar seu cargo, segundo a legisla\u00e7\u00e3o, 6 meses antes do pleito eleitoral. Ele ser\u00e1 remunerado s\u00f3 por 3 meses ou h\u00e1 possibilidade de ser pelos 6 meses integrais, j\u00e1 que a Lei org\u00e2nica do Municipio s\u00f3 prev\u00ea os tr\u00eas meses de sal\u00e1rio? Existe [&hellip;]<\/p>\n","protected":false},"author":1,"featured_media":0,"comment_status":"open","ping_status":"open","sticky":false,"template":"","format":"standard","meta":{"footnotes":""},"categories":[7],"tags":[],"class_list":["post-93","post","type-post","status-publish","format-standard","hentry","category-perguntas-e-respostas"],"acf":[],"_links":{"self":[{"href":"https:\/\/lopescancado.adv.br\/index.php?rest_route=\/wp\/v2\/posts\/93","targetHints":{"allow":["GET"]}}],"collection":[{"href":"https:\/\/lopescancado.adv.br\/index.php?rest_route=\/wp\/v2\/posts"}],"about":[{"href":"https:\/\/lopescancado.adv.br\/index.php?rest_route=\/wp\/v2\/types\/post"}],"author":[{"embeddable":true,"href":"https:\/\/lopescancado.adv.br\/index.php?rest_route=\/wp\/v2\/users\/1"}],"replies":[{"embeddable":true,"href":"https:\/\/lopescancado.adv.br\/index.php?rest_route=%2Fwp%2Fv2%2Fcomments&post=93"}],"version-history":[{"count":0,"href":"https:\/\/lopescancado.adv.br\/index.php?rest_route=\/wp\/v2\/posts\/93\/revisions"}],"wp:attachment":[{"href":"https:\/\/lopescancado.adv.br\/index.php?rest_route=%2Fwp%2Fv2%2Fmedia&parent=93"}],"wp:term":[{"taxonomy":"category","embeddable":true,"href":"https:\/\/lopescancado.adv.br\/index.php?rest_route=%2Fwp%2Fv2%2Fcategories&post=93"},{"taxonomy":"post_tag","embeddable":true,"href":"https:\/\/lopescancado.adv.br\/index.php?rest_route=%2Fwp%2Fv2%2Ftags&post=93"}],"curies":[{"name":"wp","href":"https:\/\/api.w.org\/{rel}","templated":true}]}}